{"id":103644,"date":"2012-11-05T00:04:02","date_gmt":"2012-11-05T00:04:02","guid":{"rendered":"http:\/\/www.fuldaer-nachrichten.de\/?p=103644"},"modified":"2012-11-05T08:06:09","modified_gmt":"2012-11-05T08:06:09","slug":"7-weihnachtspackchenaktion-des-vereins-das-kunterbunte-kinderzelt","status":"publish","type":"post","link":"https:\/\/www.fuldaernachrichten.de\/?p=103644","title":{"rendered":"7. Weihnachtsp\u00e4ckchenaktion des Vereins &#8220;Das kunterbunte Kinderzelt&#8221; gestartet"},"content":{"rendered":"<p><img fetchpriority=\"high\" decoding=\"async\" class=\"alignnone size-full wp-image-103645\" title=\"Kunterbuntes Kinderzelt Weihnachtsp\u00e4ckchenaktion\" src=\"http:\/\/www.fuldaer-nachrichten.de\/wp-content\/uploads\/2012\/11\/Kunterbuntes-Kinderzelt-Weihnachtsp\u00e4ckchenaktion.jpg\" alt=\"\" width=\"560\" height=\"360\" \/><\/p>\n<p>Schl\u00fcchtern\/Vollmerz. Seit sieben Jahren f\u00fchrt das Hilfswerk &#8220;Das kunterbunte Kinderzelt&#8221; die Weihnachtsp\u00e4ckchenaktion &#8220;Ich schenk Dir was&#8221; f\u00fcr die Kinder von Balan und in den Romasiedlungen Gheorghenis (Rum\u00e4nien) durch. &#8220;Craciun Fericit&#8221; hei\u00dft auf Rum\u00e4nisch &#8220;Frohe Weihnachten. Und dass das Fest der Liebe in den Wohnungen und H\u00fctten in einer der \u00e4rmsten Gegenden Rum\u00e4niens gefeiert werden kann, bringen Mitarbeiter des Kunterbunten Kinderzeltes den Kindern P\u00e4ckchen, weil sie sonst keine Geschenke bek\u00e4men. \u00dcber 4.000 P\u00e4ckchen wurden im vergangenen Jahr von Privatpersonen, Kinderg\u00e4rten, Schulen, Vereinen und Firmen an den Sammelstellen abgegeben.<!--more--><\/p>\n<p>Die diesj\u00e4hrige Aktion ist jetzt angelaufen und bis zum 16. November k\u00f6nnen P\u00e4ckchen gepackt werden. Die Hauptsammelstellen sind in der Kreativwelt, Gartenstr. 35, und in der Bergwinkel-Apotheke, Grabenstr. 1a, in Schl\u00fcchtern, ebenso nat\u00fcrlich wieder in den fast hundert Filialen der Metzgerei Robert M\u00fcller, Flieden-R\u00fcckers. \u00dcber hundert Sammelstellen gibt es insgesamt, wo die n\u00e4chste ist, kann unter Telefon 06664\/911 02 88 erfragt werden. Als P\u00e4ckchen eignet sich am besten ein mittelgro\u00dfer Schuhkarton (kein Stiefelkarton). Deckel und Boden k\u00f6nnen individuell verziert oder bemalt werden.<\/p>\n<p>Das P\u00e4ckchen darf nicht zugeklebt, sondern nur mit einem Gummiband verschlossen werden. Auf den ausliegenden Flyern (oder im Internet downzuloaden) werden Aufkleber bereitgestellt, die ausgef\u00fcllt (Geschenk f\u00fcr Junge\/M\u00e4dchen im Alter von) auf das P\u00e4ckchen zu kleben sind. In jedem Weihnachtsp\u00e4ckchen sollte eine Zahnb\u00fcrste mit Zahnpasta, ein St\u00fcck Seife, ein P\u00e4ckchen Stifte (Bunt-, Filz-, oder Wachsmalstifte), ein Malblock oder Malbuch, ein kleines Spielzeug, eine T\u00fcte Bonbons oder Gummib\u00e4rchen und eine Packung Kekse sein. Dar\u00fcber hinaus k\u00f6nnen Bastel- oder Spielsachen, sowie kleinere Kleidungsst\u00fccke (M\u00fctze, Schal und Handschuhe) beigelegt werden. Besondere Freude bereitet ein selbst gemaltes Bild, eine Karte oder ein Foto vom Spender.<\/p>\n<p>Bei Schul-, Hygieneartikeln und Lebensmitteln darf es nur originalverpackte Neuware sein. Lebensmittel m\u00fcssen noch mindestens drei Monate haltbar sein. Nicht in das P\u00e4ckchen d\u00fcrfen Kaffee, Schokolade, gebrauchte Kleidung und deutschsprachige Spiele oder B\u00fccher. Zur Deckung der Transportkosten bitten das Kunterbunte Kinderzelt um eine Spende von zwei Euro pro P\u00e4ckchen. Da das P\u00e4ckchenaufkommen wieder sehr gro\u00df sein wird, werden in diesem Jahr auch erstmal 1.000 hilfsbed\u00fcrftige Kinder in Bulgarien ein Geschenk bekommen. Mit dem Projekt &#8220;Warme Decken f\u00fcr eiskalte N\u00e4chte&#8221; werden S\u00e4uglinge und Kleinkinder vor den Gefahren des rum\u00e4nischen Winters (wochenlange K\u00e4lteperioden mit Minusgraden unter 30 Grad) gesch\u00fctzt. Eine einfache und wirkungsvolle Hilfe sind kuschelig warme Decken (Fleece, Wolle oder Synthetik), egal ob neu oder gebraucht. Im Cafe Wohnzimmer in Schl\u00fcchtern, Kr\u00e4merstra\u00dfe 16, k\u00f6nnen die Decken abgegeben werden. Informationen \u00fcber die Arbeit des Vereins &#8220;Das kunterbunte Kinderzelt&#8221;, Projekte und Spendenm\u00f6glichkeiten gibt es im Internet unter www.daskunterbuntekinderzelt.de oder telefonisch (06664)911 02 88.<\/p>\n<p>Foto: Der Vorsitzende des Vereins &#8220;Das kunterbunte Kinderzelt&#8221;, Bernd Druschel, Mechthild Schmitt (Metzgerei M\u00fcller), Daniela Busch (Kreativwelt) und Henriette Krick (Bergwinkel Apotheke, von links) mit den ersten Geschenkartons.<\/p>\n","protected":false},"excerpt":{"rendered":"<div class=\"tmnf_excerpt\"><p>Schl\u00fcchtern\/Vollmerz. Seit sieben Jahren f\u00fchrt das Hilfswerk &#8220;Das kunterbunte Kinderzelt&#8221; die Weihnachtsp\u00e4ckchenaktion &#8220;Ich schenk Dir was&#8221; f\u00fcr die Kinder von Balan und in den Romasiedlungen Gheorghenis (Rum\u00e4nien) durch. &#8220;Craciun Fericit&#8221; hei\u00dft auf Rum\u00e4nisch &#8220;Frohe Weihnachten. Und dass das Fest der Liebe in den Wohnungen und H\u00fctten in einer der \u00e4rmsten Gegenden Rum\u00e4niens gefeiert werden kann, &hellip;<\/p>\n<\/div>","protected":false},"author":1,"featured_media":0,"comment_status":"closed","ping_status":"closed","sticky":false,"template":"","format":"standard","meta":{"footnotes":""},"categories":[1,78],"tags":[],"class_list":["post-103644","post","type-post","status-publish","format-standard","hentry","category-startseite","category-topthema"],"_links":{"self":[{"href":"https:\/\/www.fuldaernachrichten.de\/index.php?rest_route=\/wp\/v2\/posts\/103644","targetHints":{"allow":["GET"]}}],"collection":[{"href":"https:\/\/www.fuldaernachrichten.de\/index.php?rest_route=\/wp\/v2\/posts"}],"about":[{"href":"https:\/\/www.fuldaernachrichten.de\/index.php?rest_route=\/wp\/v2\/types\/post"}],"author":[{"embeddable":true,"href":"https:\/\/www.fuldaernachrichten.de\/index.php?rest_route=\/wp\/v2\/users\/1"}],"replies":[{"embeddable":true,"href":"https:\/\/www.fuldaernachrichten.de\/index.php?rest_route=%2Fwp%2Fv2%2Fcomments&post=103644"}],"version-history":[{"count":0,"href":"https:\/\/www.fuldaernachrichten.de\/index.php?rest_route=\/wp\/v2\/posts\/103644\/revisions"}],"wp:attachment":[{"href":"https:\/\/www.fuldaernachrichten.de\/index.php?rest_route=%2Fwp%2Fv2%2Fmedia&parent=103644"}],"wp:term":[{"taxonomy":"category","embeddable":true,"href":"https:\/\/www.fuldaernachrichten.de\/index.php?rest_route=%2Fwp%2Fv2%2Fcategories&post=103644"},{"taxonomy":"post_tag","embeddable":true,"href":"https:\/\/www.fuldaernachrichten.de\/index.php?rest_route=%2Fwp%2Fv2%2Ftags&post=103644"}],"curies":[{"name":"wp","href":"https:\/\/api.w.org\/{rel}","templated":true}]}}