{"id":103642,"date":"2012-11-05T00:11:53","date_gmt":"2012-11-05T00:11:53","guid":{"rendered":"http:\/\/www.fuldaer-nachrichten.de\/?p=103642"},"modified":"2012-11-05T08:03:49","modified_gmt":"2012-11-05T08:03:49","slug":"burghauner-soldaten-der-reserve-sind-vielseitig-offentlichkeitsarbeiter-und-ausbilder","status":"publish","type":"post","link":"https:\/\/www.fuldaernachrichten.de\/?p=103642","title":{"rendered":"Burghauner Soldaten der Reserve sind vielseitig &#8211; \u00d6ffentlichkeitsarbeiter und Ausbilder"},"content":{"rendered":"<p><img decoding=\"async\" class=\"alignleft size-thumbnail wp-image-103643\" title=\"RK Burghaun Standorttag\" src=\"http:\/\/www.fuldaer-nachrichten.de\/wp-content\/uploads\/2012\/11\/RK-Burghaun-Standorttag-265x140.jpg\" alt=\"\" width=\"265\" height=\"140\" srcset=\"https:\/\/www.fuldaernachrichten.de\/wp-content\/uploads\/2012\/11\/RK-Burghaun-Standorttag-265x140.jpg 265w, https:\/\/www.fuldaernachrichten.de\/wp-content\/uploads\/2012\/11\/RK-Burghaun-Standorttag.jpg 600w\" sizes=\"(max-width: 265px) 100vw, 265px\" \/>Burghaun. Im Rahmen der Unterst\u00fctzungsleistung f\u00fcr die Bundeswehr \u00fcbernahm die RK Burghaun zum 50. Garnisonsjubil\u00e4um mit 5 Kameraden die Station \u201eEinweisung an den Handwaffen der Bw\u201c. Unter Leitung von Leutnant d. R. Thomas Niedental\u00c2\u00a0 wurden die anwesenden interessierten G\u00e4ste, darunter ein hoher Anteil an Frauen, am Ausbildungsger\u00e4t f\u00fcr Handwaffen und Panzerfaust (AGSHP) mit dem Gewehr G36 und der Pistole P8 vertraut gemacht, um sp\u00e4ter auf der Standortschie\u00dfanlage den scharfen Schuss durchf\u00fchren zu k\u00f6nnen. Dank der hervorragenden Einweisung konnten die interessierten B\u00fcrgerinnen und B\u00fcrger gute bis sehr gute Ergebnisse erzielen.<!--more--><\/p>\n<p>Das Mitglied der Reservisten\u00c2\u00a0 Arbeitsgemeinschaft \u00dc60und der RK Burghaun, Stabsfeldwebel d. R. Franz Becker, errang trotz seines gehobenen Alters den 2. Platz in der Gesamtwertung. Nach einer Acht Stunden Schicht ohne Pause waren am Ende des Tages 180 Personen eingewiesen. Eine solche Leistung\u00c2\u00a0 zeugt von der Professionalit\u00e4t und der hohen Motivation der Soldaten der Reserve der RK Burghaun. Deren 1.Vorsitzende, Stabsunteroffizier d. R. Sven Fey, im Rahmen einer Wehr\u00fcbung selbst mit dabei, konnte mit der gebrachten Leistung voll zufrieden sein. Der Tag war ein gelebter Beweis f\u00fcr die professionelle Unterst\u00fctzung der Bundeswehr durch ihre Reservekr\u00e4fte in der Region.<\/p>\n","protected":false},"excerpt":{"rendered":"<div class=\"tmnf_excerpt\"><p>Burghaun. Im Rahmen der Unterst\u00fctzungsleistung f\u00fcr die Bundeswehr \u00fcbernahm die RK Burghaun zum 50. Garnisonsjubil\u00e4um mit 5 Kameraden die Station \u201eEinweisung an den Handwaffen der Bw\u201c. Unter Leitung von Leutnant d. R. Thomas Niedental\u00c2\u00a0 wurden die anwesenden interessierten G\u00e4ste, darunter ein hoher Anteil an Frauen, am Ausbildungsger\u00e4t f\u00fcr Handwaffen und Panzerfaust (AGSHP) mit dem Gewehr &hellip;<\/p>\n<\/div>","protected":false},"author":1,"featured_media":0,"comment_status":"closed","ping_status":"closed","sticky":false,"template":"","format":"standard","meta":{"footnotes":""},"categories":[1],"tags":[],"class_list":["post-103642","post","type-post","status-publish","format-standard","hentry","category-startseite"],"_links":{"self":[{"href":"https:\/\/www.fuldaernachrichten.de\/index.php?rest_route=\/wp\/v2\/posts\/103642","targetHints":{"allow":["GET"]}}],"collection":[{"href":"https:\/\/www.fuldaernachrichten.de\/index.php?rest_route=\/wp\/v2\/posts"}],"about":[{"href":"https:\/\/www.fuldaernachrichten.de\/index.php?rest_route=\/wp\/v2\/types\/post"}],"author":[{"embeddable":true,"href":"https:\/\/www.fuldaernachrichten.de\/index.php?rest_route=\/wp\/v2\/users\/1"}],"replies":[{"embeddable":true,"href":"https:\/\/www.fuldaernachrichten.de\/index.php?rest_route=%2Fwp%2Fv2%2Fcomments&post=103642"}],"version-history":[{"count":0,"href":"https:\/\/www.fuldaernachrichten.de\/index.php?rest_route=\/wp\/v2\/posts\/103642\/revisions"}],"wp:attachment":[{"href":"https:\/\/www.fuldaernachrichten.de\/index.php?rest_route=%2Fwp%2Fv2%2Fmedia&parent=103642"}],"wp:term":[{"taxonomy":"category","embeddable":true,"href":"https:\/\/www.fuldaernachrichten.de\/index.php?rest_route=%2Fwp%2Fv2%2Fcategories&post=103642"},{"taxonomy":"post_tag","embeddable":true,"href":"https:\/\/www.fuldaernachrichten.de\/index.php?rest_route=%2Fwp%2Fv2%2Ftags&post=103642"}],"curies":[{"name":"wp","href":"https:\/\/api.w.org\/{rel}","templated":true}]}}