{"id":103641,"date":"2012-11-05T00:10:05","date_gmt":"2012-11-05T00:10:05","guid":{"rendered":"http:\/\/www.fuldaer-nachrichten.de\/?p=103641"},"modified":"2012-11-05T08:02:33","modified_gmt":"2012-11-05T08:02:33","slug":"multimedia-vortrag-uber-naturdenkmale-im-budinger-heuson-museum","status":"publish","type":"post","link":"https:\/\/www.fuldaernachrichten.de\/?p=103641","title":{"rendered":"Multimedia-Vortrag \u00fcber Naturdenkmale im B\u00fcdinger Heuson-Museum"},"content":{"rendered":"<p>B\u00fcdingen. Der Vortrag von Frank-Uwe Pfuhl von der Umweltwerkstatt Wetterau am 13. November l\u00e4dt zu einer kleinen Reise durch die Wetterau ein. Gezeigt wird eine Auswahl der insgesamt 226 Naturdenkmale im Wetteraukreis. Dazu z\u00e4hlen m\u00e4chtige Eichen, knorrige Apfelb\u00e4ume, uralte Kirschb\u00e4ume, geheimnisumwitterte Felsformationen, windschiefe Speierlinge, geschichtstr\u00e4chtige Linden sowie Alleen und Parks. Zu den Bildern der Naturdenkmale gibt es jeweils denkw\u00fcrdige Geschichten zu erz\u00e4hlen. Der Multimedia-Vortrag umfasst 76 Bilder und dauert ca. 70 Minuten. Beginn ist um 20 Uhr, der Eintritt ist frei. Vor dem Vortrag kann ab 19 Uhr die aktuelle Ausstellung zur Auswanderung aus dem B\u00fcdinger Land besucht werden.<\/p>\n","protected":false},"excerpt":{"rendered":"<div class=\"tmnf_excerpt\"><p>B\u00fcdingen. Der Vortrag von Frank-Uwe Pfuhl von der Umweltwerkstatt Wetterau am 13. November l\u00e4dt zu einer kleinen Reise durch die Wetterau ein. Gezeigt wird eine Auswahl der insgesamt 226 Naturdenkmale im Wetteraukreis. Dazu z\u00e4hlen m\u00e4chtige Eichen, knorrige Apfelb\u00e4ume, uralte Kirschb\u00e4ume, geheimnisumwitterte Felsformationen, windschiefe Speierlinge, geschichtstr\u00e4chtige Linden sowie Alleen und Parks. Zu den Bildern der Naturdenkmale &hellip;<\/p>\n<\/div>","protected":false},"author":1,"featured_media":0,"comment_status":"closed","ping_status":"closed","sticky":false,"template":"","format":"standard","meta":{"footnotes":""},"categories":[1,44],"tags":[],"class_list":["post-103641","post","type-post","status-publish","format-standard","hentry","category-startseite","category-kultur"],"_links":{"self":[{"href":"https:\/\/www.fuldaernachrichten.de\/index.php?rest_route=\/wp\/v2\/posts\/103641","targetHints":{"allow":["GET"]}}],"collection":[{"href":"https:\/\/www.fuldaernachrichten.de\/index.php?rest_route=\/wp\/v2\/posts"}],"about":[{"href":"https:\/\/www.fuldaernachrichten.de\/index.php?rest_route=\/wp\/v2\/types\/post"}],"author":[{"embeddable":true,"href":"https:\/\/www.fuldaernachrichten.de\/index.php?rest_route=\/wp\/v2\/users\/1"}],"replies":[{"embeddable":true,"href":"https:\/\/www.fuldaernachrichten.de\/index.php?rest_route=%2Fwp%2Fv2%2Fcomments&post=103641"}],"version-history":[{"count":0,"href":"https:\/\/www.fuldaernachrichten.de\/index.php?rest_route=\/wp\/v2\/posts\/103641\/revisions"}],"wp:attachment":[{"href":"https:\/\/www.fuldaernachrichten.de\/index.php?rest_route=%2Fwp%2Fv2%2Fmedia&parent=103641"}],"wp:term":[{"taxonomy":"category","embeddable":true,"href":"https:\/\/www.fuldaernachrichten.de\/index.php?rest_route=%2Fwp%2Fv2%2Fcategories&post=103641"},{"taxonomy":"post_tag","embeddable":true,"href":"https:\/\/www.fuldaernachrichten.de\/index.php?rest_route=%2Fwp%2Fv2%2Ftags&post=103641"}],"curies":[{"name":"wp","href":"https:\/\/api.w.org\/{rel}","templated":true}]}}