{"id":103637,"date":"2012-11-05T00:10:09","date_gmt":"2012-11-05T00:10:09","guid":{"rendered":"http:\/\/www.fuldaer-nachrichten.de\/?p=103637"},"modified":"2012-11-05T07:55:48","modified_gmt":"2012-11-05T07:55:48","slug":"veranstaltung-flechten-mit-heimischen-weiden","status":"publish","type":"post","link":"https:\/\/www.fuldaernachrichten.de\/?p=103637","title":{"rendered":"Veranstaltung \u201eFlechten mit heimischen Weiden\u201c"},"content":{"rendered":"<p><strong>Rh\u00f6n. <\/strong>Zu einem zweit\u00e4gigen Workshop \u201eFlechten mit heimischen Weiden\u201c l\u00e4dt das Biosph\u00e4renreservat Rh\u00f6n am 17. November 2012, 10.00 \u2013 17.00 Uhr, unter Leitung von Hanna Bechmann ein. Vor Ort werden Weiden geerntet, verlesen und schlie\u00dflich zu verschiedenen Schalen geflochten. Der Anschlusstermin ist am 24.11.2012. Anmeldung, Kosten und weitere Infos unter Tel. 06654 \u2013 465.<\/p>\n","protected":false},"excerpt":{"rendered":"<div class=\"tmnf_excerpt\"><p>Rh\u00f6n. Zu einem zweit\u00e4gigen Workshop \u201eFlechten mit heimischen Weiden\u201c l\u00e4dt das Biosph\u00e4renreservat Rh\u00f6n am 17. November 2012, 10.00 \u2013 17.00 Uhr, unter Leitung von Hanna Bechmann ein. Vor Ort werden Weiden geerntet, verlesen und schlie\u00dflich zu verschiedenen Schalen geflochten. Der Anschlusstermin ist am 24.11.2012. Anmeldung, Kosten und weitere Infos unter Tel. 06654 \u2013 465.<\/p>\n<\/div>","protected":false},"author":1,"featured_media":0,"comment_status":"closed","ping_status":"closed","sticky":false,"template":"","format":"standard","meta":{"footnotes":""},"categories":[1,52],"tags":[],"class_list":["post-103637","post","type-post","status-publish","format-standard","hentry","category-startseite","category-umwelt"],"_links":{"self":[{"href":"https:\/\/www.fuldaernachrichten.de\/index.php?rest_route=\/wp\/v2\/posts\/103637","targetHints":{"allow":["GET"]}}],"collection":[{"href":"https:\/\/www.fuldaernachrichten.de\/index.php?rest_route=\/wp\/v2\/posts"}],"about":[{"href":"https:\/\/www.fuldaernachrichten.de\/index.php?rest_route=\/wp\/v2\/types\/post"}],"author":[{"embeddable":true,"href":"https:\/\/www.fuldaernachrichten.de\/index.php?rest_route=\/wp\/v2\/users\/1"}],"replies":[{"embeddable":true,"href":"https:\/\/www.fuldaernachrichten.de\/index.php?rest_route=%2Fwp%2Fv2%2Fcomments&post=103637"}],"version-history":[{"count":0,"href":"https:\/\/www.fuldaernachrichten.de\/index.php?rest_route=\/wp\/v2\/posts\/103637\/revisions"}],"wp:attachment":[{"href":"https:\/\/www.fuldaernachrichten.de\/index.php?rest_route=%2Fwp%2Fv2%2Fmedia&parent=103637"}],"wp:term":[{"taxonomy":"category","embeddable":true,"href":"https:\/\/www.fuldaernachrichten.de\/index.php?rest_route=%2Fwp%2Fv2%2Fcategories&post=103637"},{"taxonomy":"post_tag","embeddable":true,"href":"https:\/\/www.fuldaernachrichten.de\/index.php?rest_route=%2Fwp%2Fv2%2Ftags&post=103637"}],"curies":[{"name":"wp","href":"https:\/\/api.w.org\/{rel}","templated":true}]}}