{"id":103636,"date":"2012-11-05T00:10:49","date_gmt":"2012-11-05T00:10:49","guid":{"rendered":"http:\/\/www.fuldaer-nachrichten.de\/?p=103636"},"modified":"2012-11-05T07:54:52","modified_gmt":"2012-11-05T07:54:52","slug":"schule-im-aufbruch-bewegen-begeistern-beginnen-seminarreihe-fur-schulleitungen-und-lehrkrafte","status":"publish","type":"post","link":"https:\/\/www.fuldaernachrichten.de\/?p=103636","title":{"rendered":"Schule im Aufbruch bewegen-begeistern-beginnen &#8211; Seminarreihe f\u00fcr Schulleitungen und Lehrkr\u00e4fte"},"content":{"rendered":"<p>Schule im Aufbruch: bewegen-begeistern-beginnen &#8211; Unter diesem Motto veranstaltet der Verein Eine Schule f\u00fcr Alle! in Fulda e.V. ab November 2012 mehrere Seminare und l\u00e4dt als Referenten Schulleitungen und Lehrkr\u00e4fte von Schulen ein, die schon vor einigen Jahren ihre Schul- und Unterrichtskonzepte umgestellt haben und auf dem Weg sind, eine inklusive Schule zu werden. Diese Beispiele k\u00f6nnen f\u00fcr Schulen im Landkreis Fulda Wegweiser sein, bei der Umsetzung des Artikel 24 der UN-Konvention \u00fcber die Rechte von Menschen mit Behinderung und beim Umgang mit der wachsenden Heterogenit\u00e4t der Sch\u00fclerschaft und der damit notwendigen Individualisierung im Unterricht. \u00c2\u00a0<!--more--><br \/>\nZur ersten Veranstaltung dieser Reihe ist der Schulleiter der Grundschule S\u00fcd-West in Eschborn, Herr Hajo Rother eingeladen. Zur p\u00e4dagogischen Leitlinie dieser Schule wurde &#8220;die \u00dcberzeugung, dass Schule sich ver\u00e4ndern muss, um den Kindern in ihrer Unterschiedlichkeit so zu begegnen, dass ihre Probleme erkannt, ihre Defizite abgebaut und ihre St\u00e4rken entwickelt werden k\u00f6nnen&#8221; (zit. aus dem Schulprogramm). Diese \u00dcberzeugung bestimmt seit Anfang der 1970er Jahre das Leben in der Schule S\u00fcd-West, in der seit 1986 Kinder mit und ohne Behinderungen gemeinsam unterrichtet werden.<\/p>\n<p>Der Vortrag mit anschlie\u00dfender Diskussion und Workshop findet am 10.11.2012 von 10 &#8211; 15 Uhr in der Domschule, Am Kronhof 5 in Fulda statt. Ein Unkostenbeitrag von 20\u00e2\u201a\u00ac ist vor Ort zu entrichten. Es wird um Anmeldung gebeten unter info@esfa-fulda.de.<\/p>\n","protected":false},"excerpt":{"rendered":"<div class=\"tmnf_excerpt\"><p>Schule im Aufbruch: bewegen-begeistern-beginnen &#8211; Unter diesem Motto veranstaltet der Verein Eine Schule f\u00fcr Alle! in Fulda e.V. ab November 2012 mehrere Seminare und l\u00e4dt als Referenten Schulleitungen und Lehrkr\u00e4fte von Schulen ein, die schon vor einigen Jahren ihre Schul- und Unterrichtskonzepte umgestellt haben und auf dem Weg sind, eine inklusive Schule zu werden. Diese &hellip;<\/p>\n<\/div>","protected":false},"author":1,"featured_media":0,"comment_status":"closed","ping_status":"closed","sticky":false,"template":"","format":"standard","meta":{"footnotes":""},"categories":[1,53],"tags":[],"class_list":["post-103636","post","type-post","status-publish","format-standard","hentry","category-startseite","category-bildung"],"_links":{"self":[{"href":"https:\/\/www.fuldaernachrichten.de\/index.php?rest_route=\/wp\/v2\/posts\/103636","targetHints":{"allow":["GET"]}}],"collection":[{"href":"https:\/\/www.fuldaernachrichten.de\/index.php?rest_route=\/wp\/v2\/posts"}],"about":[{"href":"https:\/\/www.fuldaernachrichten.de\/index.php?rest_route=\/wp\/v2\/types\/post"}],"author":[{"embeddable":true,"href":"https:\/\/www.fuldaernachrichten.de\/index.php?rest_route=\/wp\/v2\/users\/1"}],"replies":[{"embeddable":true,"href":"https:\/\/www.fuldaernachrichten.de\/index.php?rest_route=%2Fwp%2Fv2%2Fcomments&post=103636"}],"version-history":[{"count":0,"href":"https:\/\/www.fuldaernachrichten.de\/index.php?rest_route=\/wp\/v2\/posts\/103636\/revisions"}],"wp:attachment":[{"href":"https:\/\/www.fuldaernachrichten.de\/index.php?rest_route=%2Fwp%2Fv2%2Fmedia&parent=103636"}],"wp:term":[{"taxonomy":"category","embeddable":true,"href":"https:\/\/www.fuldaernachrichten.de\/index.php?rest_route=%2Fwp%2Fv2%2Fcategories&post=103636"},{"taxonomy":"post_tag","embeddable":true,"href":"https:\/\/www.fuldaernachrichten.de\/index.php?rest_route=%2Fwp%2Fv2%2Ftags&post=103636"}],"curies":[{"name":"wp","href":"https:\/\/api.w.org\/{rel}","templated":true}]}}