{"id":103633,"date":"2012-11-04T00:13:09","date_gmt":"2012-11-04T00:13:09","guid":{"rendered":"http:\/\/www.fuldaer-nachrichten.de\/?p=103633"},"modified":"2012-11-03T18:00:55","modified_gmt":"2012-11-03T18:00:55","slug":"leiter-der-caritas-behindertenhilfe-psychiatrie-ernst-paul-walter-geht-in-den-ruhestand","status":"publish","type":"post","link":"https:\/\/www.fuldaernachrichten.de\/?p=103633","title":{"rendered":"Leiter der Caritas Behindertenhilfe-Psychiatrie Ernst-Paul Walter geht in den Ruhestand"},"content":{"rendered":"<p><strong><img fetchpriority=\"high\" decoding=\"async\" class=\"alignleft size-thumbnail wp-image-103634\" title=\"e-p walter\" src=\"http:\/\/www.fuldaer-nachrichten.de\/wp-content\/uploads\/2012\/11\/e-p-walter-265x368.jpg\" alt=\"\" width=\"265\" height=\"368\" srcset=\"https:\/\/www.fuldaernachrichten.de\/wp-content\/uploads\/2012\/11\/e-p-walter-265x368.jpg 265w, https:\/\/www.fuldaernachrichten.de\/wp-content\/uploads\/2012\/11\/e-p-walter-190x265.jpg 190w, https:\/\/www.fuldaernachrichten.de\/wp-content\/uploads\/2012\/11\/e-p-walter-431x600.jpg 431w, https:\/\/www.fuldaernachrichten.de\/wp-content\/uploads\/2012\/11\/e-p-walter.jpg 459w\" sizes=\"(max-width: 265px) 100vw, 265px\" \/>Fulda (cif).<\/strong> Ernst-Paul Walter ist mental bestens auf den Moment des beruflichen Abschieds vorbereitet: \u201eF\u00fcr mich beginnt ein neuer Lebensabschnitt. Ich wei\u00df noch nicht, was mich alles erwartet, aber ich bin mir sicher, die neuen Aufgaben und Herausforderungen kommen von allein!\u201c Es versteht sich von selbst, dass Ernst-Paul Walter sich diesen neuen Aufgaben stellen wird, die ihm begegnen, wenn er Mitte November nach 36 Jahren bei der Fuldaer Caritas-Behindertenhilfe in den Ruhestand wechselt. <!--more--><\/p>\n<p>Sich den Aufgaben der Zeit stellen \u2013 dies sei auch Walters Credo w\u00e4hrend der Dienstjahre gewesen, stellte Di\u00f6zesan-Caritasdirektor Dr. Markus Juch in einer kleinen Laudatio anl\u00e4sslich der offiziellen Verabschiedung des Ressortleiters der\u00c2\u00a0 Behindertenhilfe \u2013 Psychiatrie fest: \u201eErnst-Paul Walter war in all seinen Berufsjahren eine herausragende F\u00fchrungs- und Fachkraft; er hat sein Arbeitsfeld dabei nie einfach nur verwaltet, sondern bis zuletzt im Team voll mit gearbeitet.\u201c Seine T\u00e4tigkeit, so Caritasdirektor Juch, habe Ernst-Paul Walter immer am christlichen Leitbild der Caritas ausgerichtet und Wert darauf gelegt, m\u00f6glichst viele der Betreuten ganz pers\u00f6nlich zu kennen. \u201eDementsprechend kann er praktisch jeden in den Wohnheimen und Werkst\u00e4tten beim Namen anrufen, und umgekehrt kennt jeder dort auch ihn pers\u00f6nlich!\u201c<\/p>\n<p><img decoding=\"async\" class=\"alignleft size-thumbnail wp-image-103635\" title=\"Ernst_paul Walter_IMG_7915\" src=\"http:\/\/www.fuldaer-nachrichten.de\/wp-content\/uploads\/2012\/11\/Ernst_paul-Walter_IMG_7915-265x176.jpg\" alt=\"\" width=\"265\" height=\"176\" srcset=\"https:\/\/www.fuldaernachrichten.de\/wp-content\/uploads\/2012\/11\/Ernst_paul-Walter_IMG_7915-265x176.jpg 265w, https:\/\/www.fuldaernachrichten.de\/wp-content\/uploads\/2012\/11\/Ernst_paul-Walter_IMG_7915.jpg 600w\" sizes=\"(max-width: 265px) 100vw, 265px\" \/>Tats\u00e4chlich war der unmittelbare Kontakt zu den Menschen mit Behinderung und ihren Angeh\u00f6rigen in den Augen Walters ein ganz wichtiges Element der Behindertenarbeit. Sein Hauptarbeitsfeld war der Bereich \u201eWohnen\u201c mit den Wohnheimen und dem Betreuten Wohnen, und nach M\u00f6glichkeit machte Walter sich auch immer durch Hausbesuche mit den Familien der betreuten Menschen mit Handicap bekannt. Ernst-Paul Walter kam 1976 zur Caritas-Behindertenhilfe, die sich damals noch im Aufbau befand. Viele der heutigen Einrichtungen f\u00fcr Wohnen und Arbeiten existierten damals noch nicht in der heutigen Form. \u201eIch hatte das gro\u00dfe Gl\u00fcck, w\u00e4hrend meines Arbeitslebens nicht nur Verantwortung \u00fcbernehmen sondern auch ein ganzes T\u00e4tigkeitsfeld gestalten zu d\u00fcrfen\u201c, res\u00fcmiert der scheidende Ressortleiter. \u201eIm Prinzip entstand in dieser Phase der letzten drei Jahrzehnte dieser heute g\u00fcltige Ansatz, Menschen mit Behinderung als vollwertige Mitglieder der Gesellschaft mit eigenen W\u00fcnschen und Bed\u00fcrfnissen wahrzunehmen. Unsere ganze Arbeit war also immer darauf ausgerichtet, den behinderten Menschen in ihrem Lebensraum M\u00f6glichkeiten zum Wohnen und zur Teilhabe an der Arbeit zu schaffen!\u201c<\/p>\n<p>Eigene Wohnung, Jobs in normalen Betrieben \u2013 heute ist in Deutschland und der Region Fulda vieles f\u00fcr die behinderten Menschen selbstverst\u00e4ndlich, was fr\u00fcher undenkbar war. Kein Wunder, dass sich Ernst-Paul Walter mit Elan auch bei dem Ukraine-Partnerprojekt der Caritas Fulda engagiert, das seit 2009 l\u00e4uft, und mit dem die Osthessen ihrem Schwesterverband helfen wollen, entsprechende Angebote f\u00fcr die Behinderten dort zu schaffen und auszubauen.\u00c2\u00a0 Denn vieles in der Ukraine erinnert Ernst-Paul Walter an die fr\u00fcheren Zust\u00e4nde in Deutschland: \u201eMenschen mit Behinderung ben\u00f6tigen eine starke Lobby. \u00d6ffentlichkeitsarbeit ist ganz wichtig, um ihre Interessen in der Gesellschaft sichtbar zu machen und durchzusetzen\u201c, betont er.<\/p>\n<p>Und insofern \u2013 da ist sich Ernst-Paul Walter sicher, wird die Arbeit in der Caritas-Behindertenhilfe in Fulda auch zuk\u00fcnftig nicht weniger werden. Seinem Nachfolger Dominique Vilmin, bisher Leiter der Carisma-Werkst\u00e4tten in Fulda-Maberzell, w\u00fcnscht er dementsprechend, sich den Fragen der kommenden Zeit zu stellen und entsprechende Antworten zu geben: \u201eEs geht f\u00fcr uns bei der Behindertenhilfe einzig und allein um zeitgem\u00e4\u00dfe Konzepte zur erfolgreichen Eingliederung\u00c2\u00a0 der Menschen mit Behinderung in die Gesellschaft. Da werden die Herausforderungen sich vielleicht wandeln, aber bestimmt nie aufh\u00f6ren!\u201c<\/p>\n","protected":false},"excerpt":{"rendered":"<div class=\"tmnf_excerpt\"><p>Fulda (cif). Ernst-Paul Walter ist mental bestens auf den Moment des beruflichen Abschieds vorbereitet: \u201eF\u00fcr mich beginnt ein neuer Lebensabschnitt. Ich wei\u00df noch nicht, was mich alles erwartet, aber ich bin mir sicher, die neuen Aufgaben und Herausforderungen kommen von allein!\u201c Es versteht sich von selbst, dass Ernst-Paul Walter sich diesen neuen Aufgaben stellen wird, &hellip;<\/p>\n<\/div>","protected":false},"author":1,"featured_media":0,"comment_status":"closed","ping_status":"closed","sticky":false,"template":"","format":"standard","meta":{"footnotes":""},"categories":[1,50],"tags":[],"class_list":["post-103633","post","type-post","status-publish","format-standard","hentry","category-startseite","category-kirche"],"_links":{"self":[{"href":"https:\/\/www.fuldaernachrichten.de\/index.php?rest_route=\/wp\/v2\/posts\/103633","targetHints":{"allow":["GET"]}}],"collection":[{"href":"https:\/\/www.fuldaernachrichten.de\/index.php?rest_route=\/wp\/v2\/posts"}],"about":[{"href":"https:\/\/www.fuldaernachrichten.de\/index.php?rest_route=\/wp\/v2\/types\/post"}],"author":[{"embeddable":true,"href":"https:\/\/www.fuldaernachrichten.de\/index.php?rest_route=\/wp\/v2\/users\/1"}],"replies":[{"embeddable":true,"href":"https:\/\/www.fuldaernachrichten.de\/index.php?rest_route=%2Fwp%2Fv2%2Fcomments&post=103633"}],"version-history":[{"count":0,"href":"https:\/\/www.fuldaernachrichten.de\/index.php?rest_route=\/wp\/v2\/posts\/103633\/revisions"}],"wp:attachment":[{"href":"https:\/\/www.fuldaernachrichten.de\/index.php?rest_route=%2Fwp%2Fv2%2Fmedia&parent=103633"}],"wp:term":[{"taxonomy":"category","embeddable":true,"href":"https:\/\/www.fuldaernachrichten.de\/index.php?rest_route=%2Fwp%2Fv2%2Fcategories&post=103633"},{"taxonomy":"post_tag","embeddable":true,"href":"https:\/\/www.fuldaernachrichten.de\/index.php?rest_route=%2Fwp%2Fv2%2Ftags&post=103633"}],"curies":[{"name":"wp","href":"https:\/\/api.w.org\/{rel}","templated":true}]}}