{"id":103631,"date":"2012-11-04T00:12:44","date_gmt":"2012-11-04T00:12:44","guid":{"rendered":"http:\/\/www.fuldaer-nachrichten.de\/?p=103631"},"modified":"2012-11-03T17:45:55","modified_gmt":"2012-11-03T17:45:55","slug":"ressourceneffizienz-im-eigenen-unternehmen-umsetzen-impulsvortrage-am-16-november","status":"publish","type":"post","link":"https:\/\/www.fuldaernachrichten.de\/?p=103631","title":{"rendered":"Ressourceneffizienz im eigenen Unternehmen umsetzen &#8211; Impulsvortr\u00e4ge am 16. November"},"content":{"rendered":"<p>Fulda. Die Sicherheit der Energieversorgung ist ein Schl\u00fcsselfaktor f\u00fcr die Wirtschaft. Aus diesem Grund hat der DIHK das Jahr 2012 unter das Motto \u201eEnergie und Rohstoffe f\u00fcr morgen\u201c gestellt. Am Freitag, 16. November, gibt die IHK Fulda von 09:00 Uhr bis 12:00 Uhr im sechsten Obergeschoss in der Heinrichstra\u00dfe 8 Impulse, \u00d6konomie und \u00d6kologie zu verbinden, denn in den Unternehmen der Region gibt es noch ein hohes Optimierungspotenzial.<!--more--><\/p>\n<p><strong>Programm<\/strong><\/p>\n<p>09:00 &#8211; 09:15 Uhr<strong><br \/>\nBegr\u00fc\u00dfung<\/strong><em><br \/>\nBernhard Juchheim, Pr\u00e4sident der IHK Fulda<\/em><\/p>\n<p>09:15 &#8211; 09:30 Uhr<br \/>\nLokale Agenda 21:<strong><br \/>\nWie Unternehmen profitieren k\u00f6nnen?<\/strong><br \/>\nWas ist die Lokale Agenda, welche Ziele verfolgt sie und welche Klimaschutzaktivit\u00e4ten setzt die Stadt Fulda um?<em><br \/>\nStefan Grauel, Stadtrat der Stadt Fulda<\/em><\/p>\n<p>09:30 &#8211; 10:00 Uhr<strong><br \/>\nEnergetische Geb\u00e4udemodernisierung f\u00fcr Unternehmen<\/strong><br \/>\nNicht die Umwelt heizen, sondern die Geb\u00e4ude: hochw\u00e4rmed\u00e4mmende Kunststoff-Fenster, sommerlicher W\u00e4rmeschutz, Fenster, die die Heizung regeln sowie die Fern\u00fcberwachung der Schlie\u00dfzust\u00e4nde sind sinnvolle Investitionen, um die Energiekosten sp\u00fcrbar zu senken.<em>Martin Heinisch, Gesch\u00e4ftsf\u00fchrer Juchheim-B\u00f6rner GmbH, Fulda<\/em><\/p>\n<p>10:00 &#8211; 10:30 Uhr <strong>Pause<\/strong><\/p>\n<p>10:30 &#8211; 11:00 Uhr<strong><br \/>\nEnergieberatung Mittelstand<\/strong><br \/>\nEnergieberatung nutzen, Defizite erkennen, Wettbewerbsvorteile sichern<br \/>\nVorgestellt werden das KfW-F\u00f6rderprogramm \u201eEnergieberatung Mittelstand\u201c sowie beispielhafte Einsparpotenziale im Bereich der Querschnittstechnologien &#8211; von der Druckluftnutzung, \u00fcber Beleuchtung und Antriebe aller Art bis hin zur W\u00e4rmer\u00fcckgewinnung.<br \/>\n\u00dcbrigens: Die Energieeffizienzberatungen f\u00fcr klein- und mittelst\u00e4ndische Unternehmen werden stark bezuschusst &#8211; bis zu 80 Prozent!<em><br \/>\nThomas Weber, Ingenieurb\u00fcro Weber, K\u00fcnzell<\/em><\/p>\n<p>11:00 &#8211; 11:45 Uhr<strong><br \/>\nEnergiemanagement f\u00fcr den Mittelstand<\/strong><br \/>\nAufbau und Einf\u00fchrung eines systematischen Energiemanagements. Vorgehensweisen und praktische Erfahrungen. Wie wird ein Energiemanagementsystem nach ISO 50001 aufgebaut? Anhand umfangreicher Fallstudien aus der Beratungspraxis werden verschiedene Methoden aufgezeigt und dargestellt, wie auch die Mitarbeiter f\u00fcr dieses Thema gewonnen werden.<em><br \/>\nDr.-Ing. Tobias Heinen, The Green and Lean Company, Garbsen<\/em><\/p>\n<p>Falls sich weniger als 20 Teilnehmer anmelden, wird die Veranstaltung abgesagt. \u00c4nderungen im Programm vorbehalten.<\/p>\n","protected":false},"excerpt":{"rendered":"<div class=\"tmnf_excerpt\"><p>Fulda. Die Sicherheit der Energieversorgung ist ein Schl\u00fcsselfaktor f\u00fcr die Wirtschaft. Aus diesem Grund hat der DIHK das Jahr 2012 unter das Motto \u201eEnergie und Rohstoffe f\u00fcr morgen\u201c gestellt. Am Freitag, 16. November, gibt die IHK Fulda von 09:00 Uhr bis 12:00 Uhr im sechsten Obergeschoss in der Heinrichstra\u00dfe 8 Impulse, \u00d6konomie und \u00d6kologie zu &hellip;<\/p>\n<\/div>","protected":false},"author":1,"featured_media":0,"comment_status":"closed","ping_status":"closed","sticky":false,"template":"","format":"standard","meta":{"footnotes":""},"categories":[1,29],"tags":[],"class_list":["post-103631","post","type-post","status-publish","format-standard","hentry","category-startseite","category-politik"],"_links":{"self":[{"href":"https:\/\/www.fuldaernachrichten.de\/index.php?rest_route=\/wp\/v2\/posts\/103631","targetHints":{"allow":["GET"]}}],"collection":[{"href":"https:\/\/www.fuldaernachrichten.de\/index.php?rest_route=\/wp\/v2\/posts"}],"about":[{"href":"https:\/\/www.fuldaernachrichten.de\/index.php?rest_route=\/wp\/v2\/types\/post"}],"author":[{"embeddable":true,"href":"https:\/\/www.fuldaernachrichten.de\/index.php?rest_route=\/wp\/v2\/users\/1"}],"replies":[{"embeddable":true,"href":"https:\/\/www.fuldaernachrichten.de\/index.php?rest_route=%2Fwp%2Fv2%2Fcomments&post=103631"}],"version-history":[{"count":1,"href":"https:\/\/www.fuldaernachrichten.de\/index.php?rest_route=\/wp\/v2\/posts\/103631\/revisions"}],"predecessor-version":[{"id":103632,"href":"https:\/\/www.fuldaernachrichten.de\/index.php?rest_route=\/wp\/v2\/posts\/103631\/revisions\/103632"}],"wp:attachment":[{"href":"https:\/\/www.fuldaernachrichten.de\/index.php?rest_route=%2Fwp%2Fv2%2Fmedia&parent=103631"}],"wp:term":[{"taxonomy":"category","embeddable":true,"href":"https:\/\/www.fuldaernachrichten.de\/index.php?rest_route=%2Fwp%2Fv2%2Fcategories&post=103631"},{"taxonomy":"post_tag","embeddable":true,"href":"https:\/\/www.fuldaernachrichten.de\/index.php?rest_route=%2Fwp%2Fv2%2Ftags&post=103631"}],"curies":[{"name":"wp","href":"https:\/\/api.w.org\/{rel}","templated":true}]}}