{"id":103609,"date":"2012-11-03T00:10:16","date_gmt":"2012-11-03T00:10:16","guid":{"rendered":"http:\/\/www.fuldaer-nachrichten.de\/?p=103609"},"modified":"2012-11-02T18:30:23","modified_gmt":"2012-11-02T18:30:23","slug":"eine-neue-eingangspforte-fur-den-theresienhof-jugendliche-von-perspektiva-und-azubis-von-knittel-mobileenergie-restaurieren-hoftore","status":"publish","type":"post","link":"https:\/\/www.fuldaernachrichten.de\/?p=103609","title":{"rendered":"Eine neue Eingangspforte f\u00fcr den Theresienhof &#8211; Jugendliche von Perspektiva und Azubis von Knittel MobileEnergie restaurieren Hoftore"},"content":{"rendered":"<p><strong><img decoding=\"async\" class=\"alignleft size-thumbnail wp-image-103610\" title=\"Hoftore-Knittel\" src=\"http:\/\/www.fuldaer-nachrichten.de\/wp-content\/uploads\/2012\/11\/Hoftore-Knittel-265x153.jpg\" alt=\"\" width=\"265\" height=\"153\" srcset=\"https:\/\/www.fuldaernachrichten.de\/wp-content\/uploads\/2012\/11\/Hoftore-Knittel-265x153.jpg 265w, https:\/\/www.fuldaernachrichten.de\/wp-content\/uploads\/2012\/11\/Hoftore-Knittel.jpg 592w\" sizes=\"(max-width: 265px) 100vw, 265px\" \/>Fulda.<\/strong> Alt, verrostet und schief waren sie \u2013 die Rede ist hier von den Eingangstoren des Theresienhofes von Perspektiva. Auszubildende und Monteure der J. Knittel S\u00f6hne Verwaltungsgesellschaft mbH setzten dem nun gemeinsam mit vier Perspektiva-Jugendlichen im Zuge eines Seitenwechsel-Projekts ein Ende: Gemeinsam befreite die Gruppe die in die Jahre gekommenen Tore von Schmutz und Rost. Nachdem alle Unebenheiten entfernt waren, wurden die Eingangstore in einem Kastanienrot lackiert. Ziel des Seitenwechsel-Projekts ist es, den Kontakt zwischen den Jugendlichen von Perspektiva und den Azubis anderer Unternehmen aus der Region zu f\u00f6rdern. Durch das gemeinsame Erarbeiten eines Projektes lernen die Jugendlichen voneinander und die abschlie\u00dfende Pr\u00e4sentation f\u00f6rdert die Pers\u00f6nlichkeitsentwicklung.<!--more--><br \/>\nAls Erinnerung an das gemeinsame Seitenwechselprojekt soll ein kleines Schild mit den Namen der Teilnehmer dienen, das an der Mauer neben den Hoftoren befestigt wurde. Projektleiter Frank Pitzer zeigt sich nach der Installation sehr zufrieden: \u201eDie Zusammenarbeit zwischen den Monteuren, Azubis und Jugendlichen verlief hervorragend und ich freue mich bereits jetzt auf das n\u00e4chste gemeinsame Projekt.\u201c Unterst\u00fctzt wurde Pitzer w\u00e4hrend der Restaurierung von der angehenden Erzieherin Cornelia Dubig, die ihr Praktikum zu dieser Zeit absolviert hatte und die Jugendlichen begleitete. Auch Gesch\u00e4ftsf\u00fchrerin von Knittel MobileEnergie, Uta Knittel-Weber, lobt das gute Teamwork: \u201eUnsere Mitarbeiter haben sich \u00fcberaus positiv zu der Arbeitsweise der Perspektiva-Jugendlichen ge\u00e4u\u00dfert und bereits nach dem n\u00e4chsten Projekt gefragt.\u201c<\/p>\n<p><strong>BU:<\/strong> Einweihung der restaurierten Eingangstore von Perspektiva: Frank Pitzer, Perspektiva Gesch\u00e4ftsf\u00fchrer Michael Becker, Uta Knittel-Weber und Cornelia Dubig (von rechts) gemeinsam mit ihren engagierten Teams.<\/p>\n","protected":false},"excerpt":{"rendered":"<div class=\"tmnf_excerpt\"><p>Fulda. Alt, verrostet und schief waren sie \u2013 die Rede ist hier von den Eingangstoren des Theresienhofes von Perspektiva. Auszubildende und Monteure der J. Knittel S\u00f6hne Verwaltungsgesellschaft mbH setzten dem nun gemeinsam mit vier Perspektiva-Jugendlichen im Zuge eines Seitenwechsel-Projekts ein Ende: Gemeinsam befreite die Gruppe die in die Jahre gekommenen Tore von Schmutz und Rost. &hellip;<\/p>\n<\/div>","protected":false},"author":1,"featured_media":0,"comment_status":"closed","ping_status":"closed","sticky":false,"template":"","format":"standard","meta":{"footnotes":""},"categories":[1,53],"tags":[],"class_list":["post-103609","post","type-post","status-publish","format-standard","hentry","category-startseite","category-bildung"],"_links":{"self":[{"href":"https:\/\/www.fuldaernachrichten.de\/index.php?rest_route=\/wp\/v2\/posts\/103609","targetHints":{"allow":["GET"]}}],"collection":[{"href":"https:\/\/www.fuldaernachrichten.de\/index.php?rest_route=\/wp\/v2\/posts"}],"about":[{"href":"https:\/\/www.fuldaernachrichten.de\/index.php?rest_route=\/wp\/v2\/types\/post"}],"author":[{"embeddable":true,"href":"https:\/\/www.fuldaernachrichten.de\/index.php?rest_route=\/wp\/v2\/users\/1"}],"replies":[{"embeddable":true,"href":"https:\/\/www.fuldaernachrichten.de\/index.php?rest_route=%2Fwp%2Fv2%2Fcomments&post=103609"}],"version-history":[{"count":0,"href":"https:\/\/www.fuldaernachrichten.de\/index.php?rest_route=\/wp\/v2\/posts\/103609\/revisions"}],"wp:attachment":[{"href":"https:\/\/www.fuldaernachrichten.de\/index.php?rest_route=%2Fwp%2Fv2%2Fmedia&parent=103609"}],"wp:term":[{"taxonomy":"category","embeddable":true,"href":"https:\/\/www.fuldaernachrichten.de\/index.php?rest_route=%2Fwp%2Fv2%2Fcategories&post=103609"},{"taxonomy":"post_tag","embeddable":true,"href":"https:\/\/www.fuldaernachrichten.de\/index.php?rest_route=%2Fwp%2Fv2%2Ftags&post=103609"}],"curies":[{"name":"wp","href":"https:\/\/api.w.org\/{rel}","templated":true}]}}