{"id":103607,"date":"2012-11-03T00:12:16","date_gmt":"2012-11-03T00:12:16","guid":{"rendered":"http:\/\/www.fuldaer-nachrichten.de\/?p=103607"},"modified":"2012-11-02T18:28:47","modified_gmt":"2012-11-02T18:28:47","slug":"schwindelfrei-hr-dreht-dritten-tatort-mit-ulrich-tukur-fulda-einer-der-drehorte","status":"publish","type":"post","link":"https:\/\/www.fuldaernachrichten.de\/?p=103607","title":{"rendered":"\u201eSchwindelfrei\u201c &#8211; hr dreht dritten Tatort mit Ulrich Tukur &#8211; Fulda einer der Drehorte"},"content":{"rendered":"<p>Fulda. Unter dem Arbeitstitel \u201eSchwindelfrei\u201c dreht der Hessische Rundfunk (hr) in der Zeit vom 6. November bis 12. Dezember in Frankfurt, Bad Homburg, Fulda und Umgebung unter der Regie und nach dem Buch von Justus von Dohn\u00e1nyi einen neuen Tatort mit Ulrich Tukur als LKA-Mann Felix Murot. Diesmal verschl\u00e4gt es den von seinem Hirntumor geheilten Murot und seine charmante Assistentin Magda W\u00e4chter in eine faszinierende, bunte und b\u00f6se Zirkuswelt. Ausgestrahlt wird der Krimi voraussichtlich im Herbst 2013.<!--more--><br \/>\n\u201eW\u00e4chter, es gibt etwas zu feiern! Mein Tumor ist weg! Kommen Sie zu mir nach Fulda, ich lade Sie in den Zirkus ein.\u201c Magda W\u00e4chter, noch etwas skeptisch, folgt der Einladung ihres LKA-Chefs Felix Murot, und gemeinsam besuchen sie eine Vorstellung im Zirkus \u201eRaxon\u201c. Doch mitten in der Vorstellung erhebt sich eine Frau im Publikum und deutet hysterisch schreiend auf jemanden in der Manege: \u201eDas ist er! Lasst ihn nicht entkommen!\u201c Das Licht geht aus, die Frau ist weg, und der Pianist der Zirkuskapelle verletzt sich im Dunkeln die Hand. Am n\u00e4chsten Morgen erfahren W\u00e4chter und Murot, dass die Frau seit dem gestrigen Abend vermisst wird. Murot wittert Unbill, stattet dem Zirkus einen erneuten Besuch ab und schafft es \u2013 undercover als Pianist \u2013 in der Zirkuskapelle anzuheuern. Nach und nach st\u00f6\u00dft er auf ein t\u00f6dliches Geheimnis aus der Vergangenheit eines Artisten \u00e2\u20ac\u00a6<\/p>\n<p>Neben Ulrich Tukur und Barbara Philipp spielen unter anderem Uwe Bohm, Dorka Gryllus, Zazie de Paris, Josef Ostendorf, Jevgenij Sitochin, Norbert Heisterkamp, Albert Kitzl, Leonard Carow, Katharina Matz und Victoria Trauttmansdorff, in einer weiteren Rolle ist au\u00dferdem die Artistin Lijana Sperlich-Frank vom Zirkus \u201eCarl Busch\u201c zu sehen. Die Zirkuskapelle spielen die Musiker Kalle Mews, G\u00fcnter M\u00e4rtens und Ulrich Mayer, bekannt als Ulrich Tukurs Begleitband \u201eDie Rhythmus Boys\u201c. Regie f\u00fchrt Justus von Dohn\u00e1nyi, der auch das Drehbuch schrieb. An der Kamera steht Carl-Friedrich Koschnik. F\u00fcr das Szenenbild zeichnet B\u00f6rries Hahn-Hoffmann verantwortlich, f\u00fcr das Kost\u00fcmbild Katharina Schnelting. Die Produktionsleitung hat Uli Dautel. Verantwortliche Redakteure sind Liane Jessen und J\u00f6rg Himstedt.<\/p>\n","protected":false},"excerpt":{"rendered":"<div class=\"tmnf_excerpt\"><p>Fulda. Unter dem Arbeitstitel \u201eSchwindelfrei\u201c dreht der Hessische Rundfunk (hr) in der Zeit vom 6. November bis 12. Dezember in Frankfurt, Bad Homburg, Fulda und Umgebung unter der Regie und nach dem Buch von Justus von Dohn\u00e1nyi einen neuen Tatort mit Ulrich Tukur als LKA-Mann Felix Murot. Diesmal verschl\u00e4gt es den von seinem Hirntumor geheilten &hellip;<\/p>\n<\/div>","protected":false},"author":1,"featured_media":0,"comment_status":"closed","ping_status":"closed","sticky":false,"template":"","format":"standard","meta":{"footnotes":""},"categories":[1,44],"tags":[],"class_list":["post-103607","post","type-post","status-publish","format-standard","hentry","category-startseite","category-kultur"],"_links":{"self":[{"href":"https:\/\/www.fuldaernachrichten.de\/index.php?rest_route=\/wp\/v2\/posts\/103607","targetHints":{"allow":["GET"]}}],"collection":[{"href":"https:\/\/www.fuldaernachrichten.de\/index.php?rest_route=\/wp\/v2\/posts"}],"about":[{"href":"https:\/\/www.fuldaernachrichten.de\/index.php?rest_route=\/wp\/v2\/types\/post"}],"author":[{"embeddable":true,"href":"https:\/\/www.fuldaernachrichten.de\/index.php?rest_route=\/wp\/v2\/users\/1"}],"replies":[{"embeddable":true,"href":"https:\/\/www.fuldaernachrichten.de\/index.php?rest_route=%2Fwp%2Fv2%2Fcomments&post=103607"}],"version-history":[{"count":0,"href":"https:\/\/www.fuldaernachrichten.de\/index.php?rest_route=\/wp\/v2\/posts\/103607\/revisions"}],"wp:attachment":[{"href":"https:\/\/www.fuldaernachrichten.de\/index.php?rest_route=%2Fwp%2Fv2%2Fmedia&parent=103607"}],"wp:term":[{"taxonomy":"category","embeddable":true,"href":"https:\/\/www.fuldaernachrichten.de\/index.php?rest_route=%2Fwp%2Fv2%2Fcategories&post=103607"},{"taxonomy":"post_tag","embeddable":true,"href":"https:\/\/www.fuldaernachrichten.de\/index.php?rest_route=%2Fwp%2Fv2%2Ftags&post=103607"}],"curies":[{"name":"wp","href":"https:\/\/api.w.org\/{rel}","templated":true}]}}