{"id":103605,"date":"2012-11-03T00:14:16","date_gmt":"2012-11-03T00:14:16","guid":{"rendered":"http:\/\/www.fuldaer-nachrichten.de\/?p=103605"},"modified":"2012-11-02T18:27:05","modified_gmt":"2012-11-02T18:27:05","slug":"die-technik-hinter-pcs-und-smartphones-computer-l-a-n-unterstutzt-nachbau-von-konrad-zuses-addierwerk","status":"publish","type":"post","link":"https:\/\/www.fuldaernachrichten.de\/?p=103605","title":{"rendered":"Die Technik hinter PCs und Smartphones \u2013 Computer-L.A.N. unterst\u00fctzt Nachbau von Konrad Zuses Addierwerk"},"content":{"rendered":"<p><img fetchpriority=\"high\" decoding=\"async\" class=\"alignleft size-thumbnail wp-image-103606\" title=\"121102_LAN\" src=\"http:\/\/www.fuldaer-nachrichten.de\/wp-content\/uploads\/2012\/11\/121102_LAN-265x203.jpg\" alt=\"\" width=\"265\" height=\"203\" srcset=\"https:\/\/www.fuldaernachrichten.de\/wp-content\/uploads\/2012\/11\/121102_LAN-265x203.jpg 265w, https:\/\/www.fuldaernachrichten.de\/wp-content\/uploads\/2012\/11\/121102_LAN.jpg 600w\" sizes=\"(max-width: 265px) 100vw, 265px\" \/>Fulda. Handys und Computer sind aus unserem Alltag nicht mehr wegzudenken. Doch wie die Ger\u00e4te eigentlich arbeiten, wei\u00df kaum jemand. Das Konrad-Zuse-Museum in H\u00fcnfeld hat es sich zur Aufgabe gemacht, die komplizierte Computertechnik m\u00f6glichst einfach und anschaulich zu erkl\u00e4ren. Das Museum hat jetzt ein neues Modell vorgestellt: das sogenannte Addierwerk der Rechenmaschine Z1 von Konrad Zuse. Das Interessante daran ist: Obwohl die Technik dahinter bereits mehr als 70 Jahre alt ist, wird sie noch heute genutzt. Sie steckt zum Beispiel auch in Smartphones und Tablet-PCs.<!--more--><br \/>\nDas Addierwerk ist ein wichtiger Bestandteil eines Rechenwerks. Das Modell, das nun in H\u00fcnfeld ausgestellt wird, ist ein Nachbau von Zuses Addierwerk f\u00fcr die Rechenmaschine Z1, das noch mechanisch funktionierte. Computer-L.A.N. hat den Bau des Modells als Sponsor unterst\u00fctzt.<\/p>\n<p>Prof. Timm Grams, der am Fachbereich Elektrotechnik und Informationstechnik der Hochschule Fulda lehrt, hat die Vorlage f\u00fcr das Model geliefert. Gebaut wurde es von Andreas Samuel (\u201eZuseum Bautzen\u201c). Das Modell liefere einen \u201eenormen Beitrag zum Verst\u00e4ndnis, wie das Addierwerk meines Vaters tats\u00e4chlich gearbeitet hat\u201c, sagte Prof. Horst Zuse, der Sohn des ber\u00fchmten Ingenieurs und T\u00fcftlers.<\/p>\n<p>Als er damals in seiner ersten Heimat Iran sein Abitur in Mathematik gemacht habe, h\u00e4tte er sich nicht tr\u00e4umen lassen, einmal hier im Konrad-Zuse-Museum als Sponsor zu stehen, sagte Esmail Akbari, Gesch\u00e4ftsf\u00fchrer von Computer-L.A.N. in seinem Gru\u00dfwort. Heute k\u00f6nne der Diplom-Informatiker mit L.A.N. solche sinnvollen Projekte unterst\u00fctzen und dazu beitragen, das technische Verst\u00e4ndnis besonders von jungen Leuten zu f\u00f6rdern.<\/p>\n<p>Konrad Zuse gilt als Erfinder des Computers. Seine Rechenmaschine Z3, die er 1941 fertiggestellt hat, war der erste voll funktionsf\u00e4hige programmgesteuerte Rechner der Welt.<\/p>\n<p>Zum Foto: Prof. Timm Grams (links) erl\u00e4uterte den L.A.N.-Gesch\u00e4ftsf\u00fchrern Michael Haeuser (Mitte) und Esmail Akbari (rechts), wie das Addierwerk der Z1 funktioniert.<\/p>\n<p><strong>Computer-L.A.N. in Fulda<\/strong><br \/>\nDie Computer-L.A.N. GmbH ist ein IT- und Software-Systemhaus, das seit 1990 bundesweit Firmen, Beh\u00f6rden und Bildungseinrichtungen betreut. Seit 1994 ist das mittelst\u00e4ndische Unternehmen Ausbildungsbetrieb der IHK Fulda. L.A.N. ist autorisierter Partner f\u00fcr betriebswirtschaftliche Softwarel\u00f6sungen der Firma Sage. Zu den bekanntesten eigenen Produkten geh\u00f6ren \u201eDer HausManager\u201c und \u201eDer SeminarManager\u201c, die derzeit bei \u00fcber 600 Bildungstr\u00e4gern installiert sind. Eines der neuesten Produkte ist das Dokumenten-Management-System LANdms. Ein weiterer Schwerpunkt von Computer-L.A.N. ist die individuelle Software-Entwicklung. Dar\u00fcber hinaus \u00fcbernimmt L.A.N. im Auftrag von Kunden die Planung und Einrichtung von IT-Systemen, inklusive Server, PC-Arbeitspl\u00e4tzen und Peripherie-Ger\u00e4ten. Weitere Informationen gibt es unter http:\/\/www.computer-lan.de<\/p>\n","protected":false},"excerpt":{"rendered":"<div class=\"tmnf_excerpt\"><p>Fulda. Handys und Computer sind aus unserem Alltag nicht mehr wegzudenken. Doch wie die Ger\u00e4te eigentlich arbeiten, wei\u00df kaum jemand. Das Konrad-Zuse-Museum in H\u00fcnfeld hat es sich zur Aufgabe gemacht, die komplizierte Computertechnik m\u00f6glichst einfach und anschaulich zu erkl\u00e4ren. Das Museum hat jetzt ein neues Modell vorgestellt: das sogenannte Addierwerk der Rechenmaschine Z1 von Konrad &hellip;<\/p>\n<\/div>","protected":false},"author":1,"featured_media":0,"comment_status":"closed","ping_status":"closed","sticky":false,"template":"","format":"standard","meta":{"footnotes":""},"categories":[1,29],"tags":[],"class_list":["post-103605","post","type-post","status-publish","format-standard","hentry","category-startseite","category-politik"],"_links":{"self":[{"href":"https:\/\/www.fuldaernachrichten.de\/index.php?rest_route=\/wp\/v2\/posts\/103605","targetHints":{"allow":["GET"]}}],"collection":[{"href":"https:\/\/www.fuldaernachrichten.de\/index.php?rest_route=\/wp\/v2\/posts"}],"about":[{"href":"https:\/\/www.fuldaernachrichten.de\/index.php?rest_route=\/wp\/v2\/types\/post"}],"author":[{"embeddable":true,"href":"https:\/\/www.fuldaernachrichten.de\/index.php?rest_route=\/wp\/v2\/users\/1"}],"replies":[{"embeddable":true,"href":"https:\/\/www.fuldaernachrichten.de\/index.php?rest_route=%2Fwp%2Fv2%2Fcomments&post=103605"}],"version-history":[{"count":0,"href":"https:\/\/www.fuldaernachrichten.de\/index.php?rest_route=\/wp\/v2\/posts\/103605\/revisions"}],"wp:attachment":[{"href":"https:\/\/www.fuldaernachrichten.de\/index.php?rest_route=%2Fwp%2Fv2%2Fmedia&parent=103605"}],"wp:term":[{"taxonomy":"category","embeddable":true,"href":"https:\/\/www.fuldaernachrichten.de\/index.php?rest_route=%2Fwp%2Fv2%2Fcategories&post=103605"},{"taxonomy":"post_tag","embeddable":true,"href":"https:\/\/www.fuldaernachrichten.de\/index.php?rest_route=%2Fwp%2Fv2%2Ftags&post=103605"}],"curies":[{"name":"wp","href":"https:\/\/api.w.org\/{rel}","templated":true}]}}