{"id":103570,"date":"2012-11-03T00:13:58","date_gmt":"2012-11-03T00:13:58","guid":{"rendered":"http:\/\/www.fuldaer-nachrichten.de\/?p=103570"},"modified":"2012-11-02T18:18:36","modified_gmt":"2012-11-02T18:18:36","slug":"bast-of-begge-peder-veranstaltung-wurde-vom-10-11-auf-den-9-3-2013-verlegt","status":"publish","type":"post","link":"https:\/\/www.fuldaernachrichten.de\/?p=103570","title":{"rendered":"\u201eB\u00e4st of\u201c Begge Peder &#8211; Veranstaltung wurde vom 10.11. auf den 9.3.2013 verlegt!"},"content":{"rendered":"<p><img fetchpriority=\"high\" decoding=\"async\" class=\"alignleft size-thumbnail wp-image-103571\" title=\"Begge Peder Presse 1\" src=\"http:\/\/www.fuldaer-nachrichten.de\/wp-content\/uploads\/2012\/11\/Begge-Peder-Presse-1-265x243.jpg\" alt=\"\" width=\"265\" height=\"243\" srcset=\"https:\/\/www.fuldaernachrichten.de\/wp-content\/uploads\/2012\/11\/Begge-Peder-Presse-1-265x243.jpg 265w, https:\/\/www.fuldaernachrichten.de\/wp-content\/uploads\/2012\/11\/Begge-Peder-Presse-1.jpg 600w\" sizes=\"(max-width: 265px) 100vw, 265px\" \/>K\u00fcnzell. Die Veranstaltung mit Begge Peder und seinem \u201eB\u00e4st of\u201c-Programm im K\u00fcnzeller Gemeindezentrum musste vom 10. November auf den 9. M\u00e4rz verlegt werden. Bereits erworbene Eintrittskarten gelten auch f\u00fcr den neuen Termin, k\u00f6nnen aber auch an den Vorverkaufsstellen zur\u00fcckgegeben werden. Seit mehr als 10 Jahren steht er nun auf den B\u00fchnen der Region und wird von seiner immer gr\u00f6\u00dferen Fangemeinde frenetisch gefeiert: Der hessische Mundart-Kabarettist Peter Beck, bekannt als notorisch meckernder Hausmeister \u201eBegge Peder\u201c.<!--more--><\/p>\n<p>Das Publikum lacht sich schon schief, wenn er in seinem Hausmeisterkittel mit Rasierpinsel-Hut, Hornbrille und schiefen Z\u00e4hnen die B\u00fchne betritt. Wenn der hess(l)ischste aller Hausmeister dann noch im breitesten Dialekt Anekdoten \u00fcber seine Mitmenschen und seine reichhaltigen Erlebnisse mit ebendiesen zum Besten gibt, gibt es kein Halten mehr: Mit &#8220;bodenst\u00e4ndigem Witz ohne vill Geschiss&#8221; bringt Begge Peder sein Publikum zum Dauer-Lachen. Zuletzt, wenn er sich in den sympathischen Menschen Peter Beck zur\u00fcckverwandelt, zeigt sich das wahre Gesicht hinter der h\u00e4sslichen Figur: Beck ist ein guter Beobachter, der mit seiner Kunstfigur Begge Peder kein Blatt vor den Mund nimmt und die \u00c4rgernisse des Alltags ungeschminkt auf den Punkt bringt.<\/p>\n<p>Am 9. M\u00e4rz pr\u00e4sentiert Begge Peder das \u201eB\u00e4st of\u201c aus seinen vier Programmen im Gemeindezentrum K\u00fcnzell. Einlass ist ab 19 Uhr und Beginn der Veranstaltung um 20 Uhr. F\u00fcr alle Fans und solche, die es werden wollen, bietet sich hier die Gelegenheit zur rezeptfreien zweist\u00fcndigen Lachtherapie ohne Nebenwirkungen.<\/p>\n<p>Karten gibt es so lange der Vorrat reicht bei den K\u00fcnzeller Stuben, Fulda aktuell, Fuldaer Zeitung Ticketservice und Reiseb\u00fcro Kaiserwiesen in Fulda, allen bekannten Vorverkaufsstellen und online beim Veranstalter unter <a href=\"http:\/\/www.mach-4.de\">www.mach-4.de<\/a>.<\/p>\n<p>&nbsp;<\/p>\n<p>&nbsp;<\/p>\n","protected":false},"excerpt":{"rendered":"<div class=\"tmnf_excerpt\"><p>K\u00fcnzell. Die Veranstaltung mit Begge Peder und seinem \u201eB\u00e4st of\u201c-Programm im K\u00fcnzeller Gemeindezentrum musste vom 10. November auf den 9. M\u00e4rz verlegt werden. Bereits erworbene Eintrittskarten gelten auch f\u00fcr den neuen Termin, k\u00f6nnen aber auch an den Vorverkaufsstellen zur\u00fcckgegeben werden. Seit mehr als 10 Jahren steht er nun auf den B\u00fchnen der Region und wird &hellip;<\/p>\n<\/div>","protected":false},"author":1,"featured_media":0,"comment_status":"closed","ping_status":"closed","sticky":false,"template":"","format":"standard","meta":{"footnotes":""},"categories":[1],"tags":[],"class_list":["post-103570","post","type-post","status-publish","format-standard","hentry","category-startseite"],"_links":{"self":[{"href":"https:\/\/www.fuldaernachrichten.de\/index.php?rest_route=\/wp\/v2\/posts\/103570","targetHints":{"allow":["GET"]}}],"collection":[{"href":"https:\/\/www.fuldaernachrichten.de\/index.php?rest_route=\/wp\/v2\/posts"}],"about":[{"href":"https:\/\/www.fuldaernachrichten.de\/index.php?rest_route=\/wp\/v2\/types\/post"}],"author":[{"embeddable":true,"href":"https:\/\/www.fuldaernachrichten.de\/index.php?rest_route=\/wp\/v2\/users\/1"}],"replies":[{"embeddable":true,"href":"https:\/\/www.fuldaernachrichten.de\/index.php?rest_route=%2Fwp%2Fv2%2Fcomments&post=103570"}],"version-history":[{"count":0,"href":"https:\/\/www.fuldaernachrichten.de\/index.php?rest_route=\/wp\/v2\/posts\/103570\/revisions"}],"wp:attachment":[{"href":"https:\/\/www.fuldaernachrichten.de\/index.php?rest_route=%2Fwp%2Fv2%2Fmedia&parent=103570"}],"wp:term":[{"taxonomy":"category","embeddable":true,"href":"https:\/\/www.fuldaernachrichten.de\/index.php?rest_route=%2Fwp%2Fv2%2Fcategories&post=103570"},{"taxonomy":"post_tag","embeddable":true,"href":"https:\/\/www.fuldaernachrichten.de\/index.php?rest_route=%2Fwp%2Fv2%2Ftags&post=103570"}],"curies":[{"name":"wp","href":"https:\/\/api.w.org\/{rel}","templated":true}]}}