{"id":103560,"date":"2012-11-03T00:15:39","date_gmt":"2012-11-03T00:15:39","guid":{"rendered":"http:\/\/www.fuldaer-nachrichten.de\/?p=103560"},"modified":"2012-11-02T18:13:12","modified_gmt":"2012-11-02T18:13:12","slug":"schulratin-heidtrud-paschmann-in-den-ruhestand-verabschiedet","status":"publish","type":"post","link":"https:\/\/www.fuldaernachrichten.de\/?p=103560","title":{"rendered":"Schulr\u00e4tin Heidtrud Paschmann in den Ruhestand verabschiedet"},"content":{"rendered":"<p><img decoding=\"async\" class=\"alignleft size-thumbnail wp-image-103561\" title=\"DSC_0773\" src=\"http:\/\/www.fuldaer-nachrichten.de\/wp-content\/uploads\/2012\/11\/DSC_0773-265x176.jpg\" alt=\"\" width=\"265\" height=\"176\" srcset=\"https:\/\/www.fuldaernachrichten.de\/wp-content\/uploads\/2012\/11\/DSC_0773-265x176.jpg 265w, https:\/\/www.fuldaernachrichten.de\/wp-content\/uploads\/2012\/11\/DSC_0773.jpg 600w\" sizes=\"(max-width: 265px) 100vw, 265px\" \/>Fulda. Nach 42 Jahren im Dienste der Schule(n) \u2013 davon die letzten acht als Schulr\u00e4tin am Staatlichen Schulamt Fulda \u2013 wurde Heidtrud\u00c2\u00a0 Paschmann in den Ruhestand verabschiedet. Leitender Schulamtsdirektor Dr. Michael von R\u00fcden \u00fcberreichte die entsprechende Urkunde im Rahmen einer kleinen Feierstunde im Sippelshof im Fuldaer Stadtteil Sickels.<\/p>\n<p>Dr. von R\u00fcden sprach von einer \u201ebeindruckenden Laufbahn der P\u00e4dagogin, deren gesamtes Wirken von gro\u00dfer Schaffenskraft gepr\u00e4gt war.\u201c\u00c2\u00a0 Ihre schulische Laufbahn reichte von Grundschullehrerin \u00fcber Schulleiterin bis zur Schulaufsichtsbeamtin mit dem Dezernatsbereich der F\u00f6rderschulen.<!--more--><\/p>\n<p>Die geb\u00fcrtige Westf\u00e4lin\u00c2\u00a0 Paschmann studierte nach dem Abitur in Moers zun\u00e4chst an der Hochschule in Wuppertal bevor sie ihr Referendariat in Herford absolvierte. Nach dem famili\u00e4r bedingten Wechsel in den Raum Fulda kam sie \u00fcber die Stationen Oberrode und Sickels schlie\u00dflich als Leiterin an die Grundschule Haimbach, \u00c2\u00a0bevor sie an das Schulamt wechselte.<\/p>\n<p><img decoding=\"async\" class=\"alignnone size-thumbnail wp-image-103564\" title=\"DSC_0810\" src=\"http:\/\/www.fuldaer-nachrichten.de\/wp-content\/uploads\/2012\/11\/DSC_0810-265x176.jpg\" alt=\"\" width=\"265\" height=\"176\" srcset=\"https:\/\/www.fuldaernachrichten.de\/wp-content\/uploads\/2012\/11\/DSC_0810-265x176.jpg 265w, https:\/\/www.fuldaernachrichten.de\/wp-content\/uploads\/2012\/11\/DSC_0810.jpg 600w\" sizes=\"(max-width: 265px) 100vw, 265px\" \/> <img decoding=\"async\" class=\"alignnone size-thumbnail wp-image-103563\" title=\"DSC_0804\" src=\"http:\/\/www.fuldaer-nachrichten.de\/wp-content\/uploads\/2012\/11\/DSC_0804-265x176.jpg\" alt=\"\" width=\"265\" height=\"176\" srcset=\"https:\/\/www.fuldaernachrichten.de\/wp-content\/uploads\/2012\/11\/DSC_0804-265x176.jpg 265w, https:\/\/www.fuldaernachrichten.de\/wp-content\/uploads\/2012\/11\/DSC_0804.jpg 600w\" sizes=\"(max-width: 265px) 100vw, 265px\" \/><\/p>\n<p>In ihrer Eigenschaft als Dezernentin f\u00fcr den Bereich der F\u00f6rderschulen war sie ma\u00dfgeblich an der Gr\u00fcndung des Netzwerkes f\u00fcr Erziehungshilfe\u00c2\u00a0 sowie der Schaffung einer so genannten \u201eAuszeitklasse\u201c \u00c2\u00a0verantwortlich. In ihren Zust\u00e4ndigkeitsbereich fielen der Aufbau der St. Lioba-Schule in Fulda, des Kompetenzzentrums in Petersberg sowie der Vinzenz-von-Paul-Schule in H\u00fcnfeld.<\/p>\n<p><img loading=\"lazy\" decoding=\"async\" class=\"alignnone size-thumbnail wp-image-103561\" title=\"DSC_0773\" src=\"http:\/\/www.fuldaer-nachrichten.de\/wp-content\/uploads\/2012\/11\/DSC_0773-265x176.jpg\" alt=\"\" width=\"265\" height=\"176\" srcset=\"https:\/\/www.fuldaernachrichten.de\/wp-content\/uploads\/2012\/11\/DSC_0773-265x176.jpg 265w, https:\/\/www.fuldaernachrichten.de\/wp-content\/uploads\/2012\/11\/DSC_0773.jpg 600w\" sizes=\"(max-width: 265px) 100vw, 265px\" \/> <img loading=\"lazy\" decoding=\"async\" class=\"alignnone size-thumbnail wp-image-103562\" title=\"DSC_0796\" src=\"http:\/\/www.fuldaer-nachrichten.de\/wp-content\/uploads\/2012\/11\/DSC_0796-265x176.jpg\" alt=\"\" width=\"265\" height=\"176\" srcset=\"https:\/\/www.fuldaernachrichten.de\/wp-content\/uploads\/2012\/11\/DSC_0796-265x176.jpg 265w, https:\/\/www.fuldaernachrichten.de\/wp-content\/uploads\/2012\/11\/DSC_0796.jpg 600w\" sizes=\"(max-width: 265px) 100vw, 265px\" \/><\/p>\n<p>In all diesen Funktionen habe Heidtrud\u00c2\u00a0 Paschmann stets \u201egro\u00dfes Planungs- und Organisationstalent bewiesen\u201c, so Amtsleiter von R\u00fcden. Ihr Schulrats-Kollege Stephan Schmitt lobte das kollegiale Verh\u00e4ltnis und ihre zupackende Arbeizsweise. Als Geschenk der Kolleginnen und Kollegen \u00fcberreichte er ein Fotobuch mit vielen Bildern aus den unterschiedlichen Stationen ihres Arbeistlebens.<\/p>\n<p>Leitender Schulamtsdirektor Wolfgang Kremer bedankte\u00c2\u00a0 sich f\u00fcr die harmonische Zusammenarbeit \u201eauf der gleichen Etage\u201c und w\u00fcnschte alles Gute f\u00fcr den neuen Lebensabschnitt.<\/p>\n<p>In ihrer Abschiedsrede\u00c2\u00a0 sagte die k\u00fcnftige Pension\u00e4rin, dass sie ausgesprochen dankbar dar\u00fcber sei, den Lehrerberuf ausge\u00fcbt zu haben. \u201eDies war f\u00fcr mich immer eine Berufung \u2013 keinesfalls nur ein Beruf \u2013 gewesen,\u201c so Paschmann. Sie freue sich nun auf die neue Phase in ihrem Leben, in dem sie sich nun zusammen mit ihrer Familie mehr den Hobbys annehmen kann \u2013 der Literatur, den Freunden und dem Verreisen.\u00c2\u00a0 (Text und Fotos: Ralf Kleemann)<\/p>\n","protected":false},"excerpt":{"rendered":"<div class=\"tmnf_excerpt\"><p>Fulda. Nach 42 Jahren im Dienste der Schule(n) \u2013 davon die letzten acht als Schulr\u00e4tin am Staatlichen Schulamt Fulda \u2013 wurde Heidtrud\u00c2\u00a0 Paschmann in den Ruhestand verabschiedet. Leitender Schulamtsdirektor Dr. Michael von R\u00fcden \u00fcberreichte die entsprechende Urkunde im Rahmen einer kleinen Feierstunde im Sippelshof im Fuldaer Stadtteil Sickels. Dr. von R\u00fcden sprach von einer \u201ebeindruckenden &hellip;<\/p>\n<\/div>","protected":false},"author":1,"featured_media":0,"comment_status":"closed","ping_status":"closed","sticky":false,"template":"","format":"standard","meta":{"footnotes":""},"categories":[1,53],"tags":[],"class_list":["post-103560","post","type-post","status-publish","format-standard","hentry","category-startseite","category-bildung"],"_links":{"self":[{"href":"https:\/\/www.fuldaernachrichten.de\/index.php?rest_route=\/wp\/v2\/posts\/103560","targetHints":{"allow":["GET"]}}],"collection":[{"href":"https:\/\/www.fuldaernachrichten.de\/index.php?rest_route=\/wp\/v2\/posts"}],"about":[{"href":"https:\/\/www.fuldaernachrichten.de\/index.php?rest_route=\/wp\/v2\/types\/post"}],"author":[{"embeddable":true,"href":"https:\/\/www.fuldaernachrichten.de\/index.php?rest_route=\/wp\/v2\/users\/1"}],"replies":[{"embeddable":true,"href":"https:\/\/www.fuldaernachrichten.de\/index.php?rest_route=%2Fwp%2Fv2%2Fcomments&post=103560"}],"version-history":[{"count":0,"href":"https:\/\/www.fuldaernachrichten.de\/index.php?rest_route=\/wp\/v2\/posts\/103560\/revisions"}],"wp:attachment":[{"href":"https:\/\/www.fuldaernachrichten.de\/index.php?rest_route=%2Fwp%2Fv2%2Fmedia&parent=103560"}],"wp:term":[{"taxonomy":"category","embeddable":true,"href":"https:\/\/www.fuldaernachrichten.de\/index.php?rest_route=%2Fwp%2Fv2%2Fcategories&post=103560"},{"taxonomy":"post_tag","embeddable":true,"href":"https:\/\/www.fuldaernachrichten.de\/index.php?rest_route=%2Fwp%2Fv2%2Ftags&post=103560"}],"curies":[{"name":"wp","href":"https:\/\/api.w.org\/{rel}","templated":true}]}}