{"id":103559,"date":"2012-11-02T00:12:05","date_gmt":"2012-11-02T00:12:05","guid":{"rendered":"http:\/\/www.fuldaer-nachrichten.de\/?p=103559"},"modified":"2012-11-02T07:59:42","modified_gmt":"2012-11-02T07:59:42","slug":"hr-schulerwettbewerb-meine-ausbildung-startet-zur-funften-auflage","status":"publish","type":"post","link":"https:\/\/www.fuldaernachrichten.de\/?p=103559","title":{"rendered":"hr-Sch\u00fclerwettbewerb \u201eMeine Ausbildung\u201c startet zur f\u00fcnften Auflage"},"content":{"rendered":"<p>Frankfurt. Nach dem gro\u00dfen Erfolg in den Vorjahren ruft der Hessische Rundfunk (hr) bereits zum f\u00fcnften Mal Sch\u00fclerinnen und Sch\u00fcler zur Teilnahme am Videowettbewerb \u201eMeine Ausbildung \u2013 Sch\u00fcler f\u00fchren selbst Regie\u201c auf. Den besten Jungfilmern winken Preisgelder von \u00fcber 11.000 Euro \u2013 und die TV-Ausstrahlung ihrer Filme im hr-fernsehen. Die Anmeldung l\u00e4uft noch bis zum 14. Dezember. Auch diesmal wird die Jury wieder verst\u00e4rkt durch den YOU-FM-Star Coldmirror.<!--more--><br \/>\nAusger\u00fcstet mit Kamera und Mikrofon k\u00f6nnen die Jugendlichen einen rund f\u00fcnfmin\u00fctigen Film zum Thema Ausbildung drehen. Die Bandbreite der Filme kann reichen von konkreten Berufsbildern \u00fcber den Ablauf von Vorstellungsgespr\u00e4chen bis hin zu Dokumentationen \u00fcber die Situation von Ausbildungsangeboten in der Region.<\/p>\n<p>Eine Jugendjury w\u00e4hlt aus allen eingereichten Beitr\u00e4gen zehn Filme aus. In einer zweiten Runde k\u00fcrt eine Fachjury aus diesen zehn Filmen f\u00fcnf Gewinner, die mit Geldpreisen im Gesamtwert von \u00fcber 11.000 Euro pr\u00e4miert werden. Verst\u00e4rkt wird die Fachjury wieder von Kathrin Fricke alias Coldmirror, die vom jungen hr-Radioprogramm YOU FM entdeckt wurde und mittlerweile ihre eigene kultige Videoshow bei Einsfestival und YOU-FM.de hat. Die feierliche Preisverleihung findet im Mai 2013 im Frankfurter Funkhaus am Dornbusch statt, au\u00dferdem werden alle zehn nominierten Filme im hr-fernsehen zu sehen sein.<\/p>\n<p>Anmelden kann man sich bis zum 14. Dezember im Internet unter <a href=\"http:\/\/www.meine-ausbildung.hr-online.de\" target=\"_blank\">www.meine-ausbildung.hr-online.de<\/a>, hier finden sich auch ausf\u00fchrliche Informationen zu Wettbewerb und Teilnahme. Der Einsendeschluss f\u00fcr die fertigen Filme ist dann der 22. M\u00e4rz 2013. Aufgerufen sind Sch\u00fclerinnen und Sch\u00fcler aller hessischen allgemeinbildenden und beruflichen Schulen von der Jahrgangsstufe acht an, au\u00dferdem alle hessischen Einrichtungen der kommunalen Jugendhilfe.<\/p>\n<p>Veranstaltet wird der Wettbewerb \u201eMeine Ausbildung\u201c vom Hessischen Rundfunk in Zusammenarbeit mit dem Hessischen Kultusministerium, der Sparkassen-Finanzgruppe Hessen-Th\u00fcringen, der Fraport AG, der DGB-Jugend Hessen-Th\u00fcringen, den Hessischen Medienzentren sowie Provadis (Partner f\u00fcr Bildung und Beratung GmbH).<\/p>\n","protected":false},"excerpt":{"rendered":"<div class=\"tmnf_excerpt\"><p>Frankfurt. Nach dem gro\u00dfen Erfolg in den Vorjahren ruft der Hessische Rundfunk (hr) bereits zum f\u00fcnften Mal Sch\u00fclerinnen und Sch\u00fcler zur Teilnahme am Videowettbewerb \u201eMeine Ausbildung \u2013 Sch\u00fcler f\u00fchren selbst Regie\u201c auf. Den besten Jungfilmern winken Preisgelder von \u00fcber 11.000 Euro \u2013 und die TV-Ausstrahlung ihrer Filme im hr-fernsehen. Die Anmeldung l\u00e4uft noch bis zum &hellip;<\/p>\n<\/div>","protected":false},"author":1,"featured_media":0,"comment_status":"closed","ping_status":"closed","sticky":false,"template":"","format":"standard","meta":{"footnotes":""},"categories":[1,53],"tags":[],"class_list":["post-103559","post","type-post","status-publish","format-standard","hentry","category-startseite","category-bildung"],"_links":{"self":[{"href":"https:\/\/www.fuldaernachrichten.de\/index.php?rest_route=\/wp\/v2\/posts\/103559","targetHints":{"allow":["GET"]}}],"collection":[{"href":"https:\/\/www.fuldaernachrichten.de\/index.php?rest_route=\/wp\/v2\/posts"}],"about":[{"href":"https:\/\/www.fuldaernachrichten.de\/index.php?rest_route=\/wp\/v2\/types\/post"}],"author":[{"embeddable":true,"href":"https:\/\/www.fuldaernachrichten.de\/index.php?rest_route=\/wp\/v2\/users\/1"}],"replies":[{"embeddable":true,"href":"https:\/\/www.fuldaernachrichten.de\/index.php?rest_route=%2Fwp%2Fv2%2Fcomments&post=103559"}],"version-history":[{"count":0,"href":"https:\/\/www.fuldaernachrichten.de\/index.php?rest_route=\/wp\/v2\/posts\/103559\/revisions"}],"wp:attachment":[{"href":"https:\/\/www.fuldaernachrichten.de\/index.php?rest_route=%2Fwp%2Fv2%2Fmedia&parent=103559"}],"wp:term":[{"taxonomy":"category","embeddable":true,"href":"https:\/\/www.fuldaernachrichten.de\/index.php?rest_route=%2Fwp%2Fv2%2Fcategories&post=103559"},{"taxonomy":"post_tag","embeddable":true,"href":"https:\/\/www.fuldaernachrichten.de\/index.php?rest_route=%2Fwp%2Fv2%2Ftags&post=103559"}],"curies":[{"name":"wp","href":"https:\/\/api.w.org\/{rel}","templated":true}]}}