{"id":103557,"date":"2012-11-02T00:13:05","date_gmt":"2012-11-02T00:13:05","guid":{"rendered":"http:\/\/www.fuldaer-nachrichten.de\/?p=103557"},"modified":"2012-11-02T07:58:23","modified_gmt":"2012-11-02T07:58:23","slug":"uwag-strommix-hat-hohen-anteil-regenerativer-energien-aktuelle-stromkennzeichnung-fur-2011-jetzt-veroffentlicht","status":"publish","type":"post","link":"https:\/\/www.fuldaernachrichten.de\/?p=103557","title":{"rendered":"\u00dcWAG-Strommix hat hohen Anteil regenerativer Energien &#8211; Aktuelle Stromkennzeichnung f\u00fcr 2011 jetzt ver\u00f6ffentlicht"},"content":{"rendered":"<p><img fetchpriority=\"high\" decoding=\"async\" class=\"alignleft size-thumbnail wp-image-103558\" title=\"Grafik Stromkennzeichnung\" src=\"http:\/\/www.fuldaer-nachrichten.de\/wp-content\/uploads\/2012\/11\/Grafik-Stromkennzeichnung-265x276.jpg\" alt=\"\" width=\"265\" height=\"276\" srcset=\"https:\/\/www.fuldaernachrichten.de\/wp-content\/uploads\/2012\/11\/Grafik-Stromkennzeichnung-265x276.jpg 265w, https:\/\/www.fuldaernachrichten.de\/wp-content\/uploads\/2012\/11\/Grafik-Stromkennzeichnung-253x265.jpg 253w, https:\/\/www.fuldaernachrichten.de\/wp-content\/uploads\/2012\/11\/Grafik-Stromkennzeichnung-574x600.jpg 574w, https:\/\/www.fuldaernachrichten.de\/wp-content\/uploads\/2012\/11\/Grafik-Stromkennzeichnung.jpg 600w\" sizes=\"(max-width: 265px) 100vw, 265px\" \/>Fulda. Kunden der \u00dcberlandwerk Fulda Aktiengesellschaft (\u00dcWAG), die \u00dcWAG\u00d6ko, \u00dcWAG\u00d6ko Gr\u00fcner Strom Label Gold oder einen der anderen \u00dcWAG-\u00d6kostrom-Tarife beziehen, wissen, dass sie von ihrem Energieversorger zu 100 Prozent mit regenerativ erzeugtem Strom beliefert werden. Aber auch alle anderen Kunden erhalten einen Strommix mit einem hohen Anteil an erneuerbaren Energien \u2013 das zeigt der Energietr\u00e4ger-Mix, den das Unternehmen jetzt ver\u00f6ffentlicht hat.<\/p>\n<p>Aus der aktuellen Stromkennzeichnung f\u00fcr das Jahr 2011 geht hervor, dass die \u00dcWAG mit \u00fcber einem Viertel Energie aus erneuerbaren Quellen (konkret 27,7 Prozent) ca. ein Drittel mehr regenerativen Strom an ihre Kunden geliefert hat als der Anteil bei der Stromerzeugung im Bundesdurchschnitt betr\u00e4gt: Dieser liegt bei 21 Prozent, wenn man auch hier die erneuerbaren Energien, die nach dem EEG gef\u00f6rdert sind, sowie die sonstigen erneuerbaren Energien zusammen rechnet. Um die Erzeugung regenerativer Energie in der Region auch zuk\u00fcnftig weiter voranzubringen, werden von der \u00dcWAG viele Anstrengungen unternommen, denn der Energieversorger steht voll und ganz hinter der Energiewende und ihren Zielen. Ein Beispiel daf\u00fcr ist die Ende des Jahres 2011 fertiggestellte gr\u00f6\u00dfte Fotovoltaik-Anlage im Landkreis Fulda in Gro\u00dfenl\u00fcder-M\u00fcs.<\/p>\n<p>Der Anteil an der Gesamtstromlieferung f\u00fcr das Jahr 2011, der aus Kernkraftwerken stammt, betr\u00e4gt bei der \u00dcWAG 17,8 Prozent, beim Energietr\u00e4germix Deutschland 17,7 Prozent. Der \u00dcWAG-Stromanteil, der aus der Erzeugung in Kohlekraftwerken stammt, betr\u00e4gt mit 34,4 Prozent f\u00fcr den aktuellen Strommix 7,3 Prozentpunkte weniger als im Bundesdurchschnitt (41,7 Prozent). Erdgas und sonstige fossile Energietr\u00e4ger machen bei der Gesamtlieferung des \u00dcWAG-Stroms f\u00fcr das Jahr 2011 20,1 Prozent aus, im Bundesdurchschnitt 19,6 Prozent.<\/p>\n<p>Damit liegen auch die CO<sub>2<\/sub>-Emissionen der \u00dcWAG-Energie leicht unter denen der Stromerzeugung in Deutschland: Mit 447 Gramm pro Kilowattstunde sind es im Vergleich 56 Gramm pro Kilowattstunde weniger im Jahr. Die Kalkulation des Strommix ist im deutschen Energiewirtschaftsgesetz geregelt. Gem\u00e4\u00df diesem Gesetz sind alle nationalen Energieversorgungsunternehmen sp\u00e4testens ab dem 1. November eines Jahres dazu verpflichtet, die Werte des vorangegangenen Kalenderjahres der zur Stromerzeugung eingesetzten Energietr\u00e4ger und die damit verbundenen Umwelteinfl\u00fcsse zu ver\u00f6ffentlichen. Die Einzelergebnisse werden summiert und bilden als \u201eEnergietr\u00e4germix Deutschland\u201c die Vergleichsbasis. Aufgrund des aufwendigen Berechnungsverfahrens schreibt das Gesetz vor, jeweils die Vorjahreszusammensetzung der Stromlieferung auszuweisen. \u00dcber den Strommix informiert die \u00dcWAG ihre Kunden auch im Rahmen der Jahresverbrauchsabrechnung sowie auf ihrer Homepage unter <a href=\"http:\/\/www.uewag.de\">www.uewag.de<\/a> im Internet.<\/p>\n","protected":false},"excerpt":{"rendered":"<div class=\"tmnf_excerpt\"><p>Fulda. Kunden der \u00dcberlandwerk Fulda Aktiengesellschaft (\u00dcWAG), die \u00dcWAG\u00d6ko, \u00dcWAG\u00d6ko Gr\u00fcner Strom Label Gold oder einen der anderen \u00dcWAG-\u00d6kostrom-Tarife beziehen, wissen, dass sie von ihrem Energieversorger zu 100 Prozent mit regenerativ erzeugtem Strom beliefert werden. Aber auch alle anderen Kunden erhalten einen Strommix mit einem hohen Anteil an erneuerbaren Energien \u2013 das zeigt der Energietr\u00e4ger-Mix, &hellip;<\/p>\n<\/div>","protected":false},"author":1,"featured_media":0,"comment_status":"closed","ping_status":"closed","sticky":false,"template":"","format":"standard","meta":{"footnotes":""},"categories":[1,29],"tags":[],"class_list":["post-103557","post","type-post","status-publish","format-standard","hentry","category-startseite","category-politik"],"_links":{"self":[{"href":"https:\/\/www.fuldaernachrichten.de\/index.php?rest_route=\/wp\/v2\/posts\/103557","targetHints":{"allow":["GET"]}}],"collection":[{"href":"https:\/\/www.fuldaernachrichten.de\/index.php?rest_route=\/wp\/v2\/posts"}],"about":[{"href":"https:\/\/www.fuldaernachrichten.de\/index.php?rest_route=\/wp\/v2\/types\/post"}],"author":[{"embeddable":true,"href":"https:\/\/www.fuldaernachrichten.de\/index.php?rest_route=\/wp\/v2\/users\/1"}],"replies":[{"embeddable":true,"href":"https:\/\/www.fuldaernachrichten.de\/index.php?rest_route=%2Fwp%2Fv2%2Fcomments&post=103557"}],"version-history":[{"count":0,"href":"https:\/\/www.fuldaernachrichten.de\/index.php?rest_route=\/wp\/v2\/posts\/103557\/revisions"}],"wp:attachment":[{"href":"https:\/\/www.fuldaernachrichten.de\/index.php?rest_route=%2Fwp%2Fv2%2Fmedia&parent=103557"}],"wp:term":[{"taxonomy":"category","embeddable":true,"href":"https:\/\/www.fuldaernachrichten.de\/index.php?rest_route=%2Fwp%2Fv2%2Fcategories&post=103557"},{"taxonomy":"post_tag","embeddable":true,"href":"https:\/\/www.fuldaernachrichten.de\/index.php?rest_route=%2Fwp%2Fv2%2Ftags&post=103557"}],"curies":[{"name":"wp","href":"https:\/\/api.w.org\/{rel}","templated":true}]}}