{"id":103551,"date":"2012-11-02T00:12:22","date_gmt":"2012-11-02T00:12:22","guid":{"rendered":"http:\/\/www.fuldaer-nachrichten.de\/?p=103551"},"modified":"2012-11-02T07:52:15","modified_gmt":"2012-11-02T07:52:15","slug":"jahreskonzert-der-musikschule-der-stadt-fulda-buntes-musikprogramm","status":"publish","type":"post","link":"https:\/\/www.fuldaernachrichten.de\/?p=103551","title":{"rendered":"Jahreskonzert der Musikschule der Stadt Fulda: Buntes Musikprogramm"},"content":{"rendered":"<p><img fetchpriority=\"high\" decoding=\"async\" class=\"alignleft size-thumbnail wp-image-103552\" title=\"Jahreskonzert Musikschule\" src=\"http:\/\/www.fuldaer-nachrichten.de\/wp-content\/uploads\/2012\/11\/Jahreskonzert-Musikschule-265x352.jpg\" alt=\"\" width=\"265\" height=\"352\" srcset=\"https:\/\/www.fuldaernachrichten.de\/wp-content\/uploads\/2012\/11\/Jahreskonzert-Musikschule-265x352.jpg 265w, https:\/\/www.fuldaernachrichten.de\/wp-content\/uploads\/2012\/11\/Jahreskonzert-Musikschule-450x600.jpg 450w, https:\/\/www.fuldaernachrichten.de\/wp-content\/uploads\/2012\/11\/Jahreskonzert-Musikschule.jpg 600w\" sizes=\"(max-width: 265px) 100vw, 265px\" \/>Fulda (cp). Die Musikschule der Stadt Fulda pr\u00e4sentiert am Samstag, den 10. November 2012 um 19 Uhr ihr gro\u00dfes, traditionelles Jahreskonzert. In der Aula der Alten Universit\u00e4t werden fortgeschrittene Solisten und verschiedene Ensembles mit einem breit gef\u00e4cherten Programm aus unterschiedlichen Epochen zu h\u00f6ren sein. Instrumentalisten an Querfl\u00f6te, Blockfl\u00f6te, Trompete, Violine, Violoncello, Gitarre oder Klavier werden sich von ihrer besten Seite zeigen und Werke von Beethoven, Briselat, Berthomieu, Gretchaninoff, Marie, Mozart, Roussell, Saint-Sa\u00c3\u00abns, Schumann\/Liszt, Verdi, Quantz und Tschaikowsky spielen. Eingeladen sind alle neugierigen und interessierten Musikliebhaber. Der Eintritt ist frei, der F\u00f6rderverein der Musikschule e.V. freut sich jedoch \u00fcber eine kleine Spende.<\/p>\n","protected":false},"excerpt":{"rendered":"<div class=\"tmnf_excerpt\"><p>Fulda (cp). Die Musikschule der Stadt Fulda pr\u00e4sentiert am Samstag, den 10. November 2012 um 19 Uhr ihr gro\u00dfes, traditionelles Jahreskonzert. In der Aula der Alten Universit\u00e4t werden fortgeschrittene Solisten und verschiedene Ensembles mit einem breit gef\u00e4cherten Programm aus unterschiedlichen Epochen zu h\u00f6ren sein. Instrumentalisten an Querfl\u00f6te, Blockfl\u00f6te, Trompete, Violine, Violoncello, Gitarre oder Klavier werden &hellip;<\/p>\n<\/div>","protected":false},"author":1,"featured_media":0,"comment_status":"closed","ping_status":"closed","sticky":false,"template":"","format":"standard","meta":{"footnotes":""},"categories":[1,44],"tags":[],"class_list":["post-103551","post","type-post","status-publish","format-standard","hentry","category-startseite","category-kultur"],"_links":{"self":[{"href":"https:\/\/www.fuldaernachrichten.de\/index.php?rest_route=\/wp\/v2\/posts\/103551","targetHints":{"allow":["GET"]}}],"collection":[{"href":"https:\/\/www.fuldaernachrichten.de\/index.php?rest_route=\/wp\/v2\/posts"}],"about":[{"href":"https:\/\/www.fuldaernachrichten.de\/index.php?rest_route=\/wp\/v2\/types\/post"}],"author":[{"embeddable":true,"href":"https:\/\/www.fuldaernachrichten.de\/index.php?rest_route=\/wp\/v2\/users\/1"}],"replies":[{"embeddable":true,"href":"https:\/\/www.fuldaernachrichten.de\/index.php?rest_route=%2Fwp%2Fv2%2Fcomments&post=103551"}],"version-history":[{"count":0,"href":"https:\/\/www.fuldaernachrichten.de\/index.php?rest_route=\/wp\/v2\/posts\/103551\/revisions"}],"wp:attachment":[{"href":"https:\/\/www.fuldaernachrichten.de\/index.php?rest_route=%2Fwp%2Fv2%2Fmedia&parent=103551"}],"wp:term":[{"taxonomy":"category","embeddable":true,"href":"https:\/\/www.fuldaernachrichten.de\/index.php?rest_route=%2Fwp%2Fv2%2Fcategories&post=103551"},{"taxonomy":"post_tag","embeddable":true,"href":"https:\/\/www.fuldaernachrichten.de\/index.php?rest_route=%2Fwp%2Fv2%2Ftags&post=103551"}],"curies":[{"name":"wp","href":"https:\/\/api.w.org\/{rel}","templated":true}]}}