{"id":103549,"date":"2012-11-02T00:13:02","date_gmt":"2012-11-02T00:13:02","guid":{"rendered":"http:\/\/www.fuldaer-nachrichten.de\/?p=103549"},"modified":"2012-11-02T07:51:13","modified_gmt":"2012-11-02T07:51:13","slug":"ehrenbriefes-des-landes-hessen-an-professor-manfred-schreiner-uberreicht","status":"publish","type":"post","link":"https:\/\/www.fuldaernachrichten.de\/?p=103549","title":{"rendered":"Ehrenbriefes des Landes Hessen an Professor Manfred Schreiner \u00fcberreicht"},"content":{"rendered":"<p><img decoding=\"async\" class=\"alignleft size-thumbnail wp-image-103550\" title=\"DSC_0026\" src=\"http:\/\/www.fuldaer-nachrichten.de\/wp-content\/uploads\/2012\/11\/DSC_0026-265x175.jpg\" alt=\"\" width=\"265\" height=\"175\" srcset=\"https:\/\/www.fuldaernachrichten.de\/wp-content\/uploads\/2012\/11\/DSC_0026-265x175.jpg 265w, https:\/\/www.fuldaernachrichten.de\/wp-content\/uploads\/2012\/11\/DSC_0026.jpg 600w\" sizes=\"(max-width: 265px) 100vw, 265px\" \/>Fulda (cp). \u201eDurch Ihr vielf\u00e4ltiges ehrenamtliches Engagement haben Sie auf vorbildliche Art und Weise in die Gemeinschaft hineingewirkt\u201c, w\u00fcrdigte Oberb\u00fcrgermeister Gerhard M\u00f6ller die T\u00e4tigkeiten von Professor Manfred Schreiner, als er ihm den Ehrenbrief des Landes Hessen in Anwesenheit von dessen Familie, zahlreichen Mandatstr\u00e4gern, Stadt\u00e4ltesten und Mitgliedern des Ortsbeirates von Johannesberg im Dalbergsaal des Stadtschlosses \u00fcberreichte. \u201eIch habe Sie als jemanden kennengelernt, der kreativ mahnt, aber die Fraktions- und Parlamentsarbeit auch mit vielen praktischen Vorschl\u00e4gen befruchtet hat\u201c, erkl\u00e4rte der SPD-Fraktionsvorsitzende Bernhard Lindner und der Ortsvorsteher von Johannesberg, Erwin Stock, der zusammen mit dem Ortsbeirat die Ehrung angeregt hatte, hob anschlie\u00dfend hervor: \u201eSie haben sich f\u00fcr andere stark gemacht und immer auch \u00fcber den Tellerrand hinaus geschaut.\u201c Gerne erinnerte sich auch Pfarrer Michael Oswald an die vielen Begegnungen und die gute Zusammenarbeit mit Prof. Schreiner: \u201eEs waren fruchtbare Jahre, wobei das Propsteifest und die Festschrift im letzten Jahr etwas Besonderes waren.\u201c F\u00fcr die gute Zusammenarbeit bedankte sich Prof. Manfred Schreiner beim Ortsbeirat, der Stadtverwaltung, den Ortsvorstehern, der Stadtverordnetenversammlung und f\u00fcr die Unterst\u00fctzung und das Verst\u00e4ndnis bei seiner Familie.<!--more--><\/p>\n<p><strong>\u201ePioniert\u00e4tigkeit\u201c<\/strong><\/p>\n<p>Der geb\u00fcrtige Fuldaer Manfred Schreiner arbeitete nach dem Studium der Rechts- und Wirtschaftswissenschaften zuerst ein paar Jahre im Rechnungswesen eines Industriebetriebes. Nach seiner Berufung zum Professor im Jahre 1975 nahm er dann eine Lehrt\u00e4tigkeit im Fachgebiet Rechnungswesen und Umweltmanagement des Fachbereichs Wirtschaft der Hochschule Fulda auf. Seit 1990 lehrte er den Studienschwerpunkt Umweltwirtschaft. Der Diplom-\u00d6konom habe laut M\u00f6ller \u201ePioniert\u00e4tigkeit im Fachbereich Wirtschaft und im neu entwickelten Sektor der Umwelt\u00f6konomie\u201c geleistet und sein berufliches Standbein mit viel Leidenschaft gepflegt. So hatte er auch einen Lehrauftrag an der European Business School in Oestrich-Winkel und widmet sich seit 2011 Lehrauftr\u00e4gen in Kostenrechnung und Umweltmanagement.<\/p>\n<p><strong>Liebe zur Heimat<\/strong><\/p>\n<p>Neben dem Beruf engagierte sich Prof. Schreiner in herausragender Weise ehrenamtlich. So war er 30 Jahre lang Mitglied im Ortsbeirat von Johannesberg, wobei er davon 14 Jahre lang als Ortsvorsteher fungierte und auch heute noch Ansprechpartner f\u00fcr das Gremium ist. \u201eW\u00e4hrend der drei Jahrzehnte im Ortsbeirat haben Sie deutliche Spuren im Stadtteil hinterlassen, wie zum Beispiel beim Jubil\u00e4um im letzten Jahr, denn Ihre Arbeit hat Fr\u00fcchte getragen\u201c, sagte M\u00f6ller anerkennend. Er kennt den Tr\u00e4ger des Ehrenbriefes bereits seit dessen 12-j\u00e4hriger T\u00e4tigkeit als Kreistagsabgeordneter in den 90er Jahren und sch\u00e4tzte seinen Einsatz auch w\u00e4hrend dessen Zeit als Stadtverordneter und Vorsitzender des Umweltausschusses in den Jahren 2001 bis 2006. Seit 1969 ist Prof. Schreiner Mitglied im Vorstand des SPD-Ortsvereins Fulda-S\u00fcdwest und war dort auch einige Jahre Vorsitzender und Schriftf\u00fchrer. Au\u00dferdem ist der Diplom-\u00d6konom Mitglied in einer Vielzahl von Vereinen und Organisationen, wie zum Beispiel der SG Johannesberg, der Freiwilligen Feuerwehr Johannesberg-Zirkenbach, dem Heimatverein Harmerz, dem NABU Fulda und K\u00fcnzell e.V.\u00c2\u00a0 und dem Sch\u00fctzenverein Johannesberg. \u201eDie Liebe zur Heimat ist unverkennbar, wobei Ihnen der Umweltschutz eine besondere Herzensangelegenheit ist\u201c, so der Oberb\u00fcrgermeister.<\/p>\n","protected":false},"excerpt":{"rendered":"<div class=\"tmnf_excerpt\"><p>Fulda (cp). \u201eDurch Ihr vielf\u00e4ltiges ehrenamtliches Engagement haben Sie auf vorbildliche Art und Weise in die Gemeinschaft hineingewirkt\u201c, w\u00fcrdigte Oberb\u00fcrgermeister Gerhard M\u00f6ller die T\u00e4tigkeiten von Professor Manfred Schreiner, als er ihm den Ehrenbrief des Landes Hessen in Anwesenheit von dessen Familie, zahlreichen Mandatstr\u00e4gern, Stadt\u00e4ltesten und Mitgliedern des Ortsbeirates von Johannesberg im Dalbergsaal des Stadtschlosses \u00fcberreichte. &hellip;<\/p>\n<\/div>","protected":false},"author":1,"featured_media":0,"comment_status":"closed","ping_status":"closed","sticky":false,"template":"","format":"standard","meta":{"footnotes":""},"categories":[1,29],"tags":[],"class_list":["post-103549","post","type-post","status-publish","format-standard","hentry","category-startseite","category-politik"],"_links":{"self":[{"href":"https:\/\/www.fuldaernachrichten.de\/index.php?rest_route=\/wp\/v2\/posts\/103549","targetHints":{"allow":["GET"]}}],"collection":[{"href":"https:\/\/www.fuldaernachrichten.de\/index.php?rest_route=\/wp\/v2\/posts"}],"about":[{"href":"https:\/\/www.fuldaernachrichten.de\/index.php?rest_route=\/wp\/v2\/types\/post"}],"author":[{"embeddable":true,"href":"https:\/\/www.fuldaernachrichten.de\/index.php?rest_route=\/wp\/v2\/users\/1"}],"replies":[{"embeddable":true,"href":"https:\/\/www.fuldaernachrichten.de\/index.php?rest_route=%2Fwp%2Fv2%2Fcomments&post=103549"}],"version-history":[{"count":0,"href":"https:\/\/www.fuldaernachrichten.de\/index.php?rest_route=\/wp\/v2\/posts\/103549\/revisions"}],"wp:attachment":[{"href":"https:\/\/www.fuldaernachrichten.de\/index.php?rest_route=%2Fwp%2Fv2%2Fmedia&parent=103549"}],"wp:term":[{"taxonomy":"category","embeddable":true,"href":"https:\/\/www.fuldaernachrichten.de\/index.php?rest_route=%2Fwp%2Fv2%2Fcategories&post=103549"},{"taxonomy":"post_tag","embeddable":true,"href":"https:\/\/www.fuldaernachrichten.de\/index.php?rest_route=%2Fwp%2Fv2%2Ftags&post=103549"}],"curies":[{"name":"wp","href":"https:\/\/api.w.org\/{rel}","templated":true}]}}