{"id":103548,"date":"2012-11-02T00:10:04","date_gmt":"2012-11-02T00:10:04","guid":{"rendered":"http:\/\/www.fuldaer-nachrichten.de\/?p=103548"},"modified":"2012-11-02T07:49:49","modified_gmt":"2012-11-02T07:49:49","slug":"wahlkreisdelegiertenkonferenz-der-spd-fulda-am-samstag-in-burghaun","status":"publish","type":"post","link":"https:\/\/www.fuldaernachrichten.de\/?p=103548","title":{"rendered":"Wahlkreisdelegiertenkonferenz der SPD Fulda am Samstag in Burghaun"},"content":{"rendered":"<p>Burghaun. Am kommenden Samstag, 3. November, findet in Burghaun die Wahlkreisdelegiertenkonferenz der SPD Fulda statt. Hier sollen die Kandidatinnen und Kandidaten f\u00fcr die Bundestagswahl und die Landtagswahl im n\u00e4chsten Jahr gew\u00e4hlt werden. F\u00fcr den Bundestagswahlkreis 174 kandidieren die von den SPD-Unterbezirken Fulda und Vogelsberg nominierte Birgit K\u00f6mpel aus Eichenzell sowie die K\u00fcnzellerin Gertrud G\u00f6b, vorgeschlagen vom Ortsverein K\u00fcnzell. Zwei Kandidaturen gilt es f\u00fcr die Landtagswahl festzulegen: Im Wahlkreis 15 bewirbt sich Sabine Waschke, seit 2003 Abgeordnete in Wiesbaden, f\u00fcr eine weitere Amtszeit. Ein neues Gesicht wurde demgegen\u00fcber vom Unterbezirk Fulda f\u00fcr den n\u00f6rdlichen Wahlkreis 14 vorgeschlagen, wo der Juso-Bezirksvorsitzende Pascal Barthel (Fulda), auf das Vertrauen der Delegierten hofft. Die Veranstaltung beginnt um 10 Uhr in der Haunehalle Burghaun.<\/p>\n","protected":false},"excerpt":{"rendered":"<div class=\"tmnf_excerpt\"><p>Burghaun. Am kommenden Samstag, 3. November, findet in Burghaun die Wahlkreisdelegiertenkonferenz der SPD Fulda statt. Hier sollen die Kandidatinnen und Kandidaten f\u00fcr die Bundestagswahl und die Landtagswahl im n\u00e4chsten Jahr gew\u00e4hlt werden. F\u00fcr den Bundestagswahlkreis 174 kandidieren die von den SPD-Unterbezirken Fulda und Vogelsberg nominierte Birgit K\u00f6mpel aus Eichenzell sowie die K\u00fcnzellerin Gertrud G\u00f6b, vorgeschlagen &hellip;<\/p>\n<\/div>","protected":false},"author":1,"featured_media":0,"comment_status":"closed","ping_status":"closed","sticky":false,"template":"","format":"standard","meta":{"footnotes":""},"categories":[1,29],"tags":[],"class_list":["post-103548","post","type-post","status-publish","format-standard","hentry","category-startseite","category-politik"],"_links":{"self":[{"href":"https:\/\/www.fuldaernachrichten.de\/index.php?rest_route=\/wp\/v2\/posts\/103548","targetHints":{"allow":["GET"]}}],"collection":[{"href":"https:\/\/www.fuldaernachrichten.de\/index.php?rest_route=\/wp\/v2\/posts"}],"about":[{"href":"https:\/\/www.fuldaernachrichten.de\/index.php?rest_route=\/wp\/v2\/types\/post"}],"author":[{"embeddable":true,"href":"https:\/\/www.fuldaernachrichten.de\/index.php?rest_route=\/wp\/v2\/users\/1"}],"replies":[{"embeddable":true,"href":"https:\/\/www.fuldaernachrichten.de\/index.php?rest_route=%2Fwp%2Fv2%2Fcomments&post=103548"}],"version-history":[{"count":0,"href":"https:\/\/www.fuldaernachrichten.de\/index.php?rest_route=\/wp\/v2\/posts\/103548\/revisions"}],"wp:attachment":[{"href":"https:\/\/www.fuldaernachrichten.de\/index.php?rest_route=%2Fwp%2Fv2%2Fmedia&parent=103548"}],"wp:term":[{"taxonomy":"category","embeddable":true,"href":"https:\/\/www.fuldaernachrichten.de\/index.php?rest_route=%2Fwp%2Fv2%2Fcategories&post=103548"},{"taxonomy":"post_tag","embeddable":true,"href":"https:\/\/www.fuldaernachrichten.de\/index.php?rest_route=%2Fwp%2Fv2%2Ftags&post=103548"}],"curies":[{"name":"wp","href":"https:\/\/api.w.org\/{rel}","templated":true}]}}