{"id":103547,"date":"2012-11-02T00:10:54","date_gmt":"2012-11-02T00:10:54","guid":{"rendered":"http:\/\/www.fuldaer-nachrichten.de\/?p=103547"},"modified":"2012-11-02T07:48:51","modified_gmt":"2012-11-02T07:48:51","slug":"witzel-fdp-eisflache-fur-ubungszwecke-wir-gefuhl-und-freizeitspas","status":"publish","type":"post","link":"https:\/\/www.fuldaernachrichten.de\/?p=103547","title":{"rendered":"Witzel (FDP): Eisfl\u00e4che f\u00fcr \u00dcbungszwecke, Wir-Gef\u00fchl und Freizeitspa\u00df"},"content":{"rendered":"<p><strong><em><\/em><\/strong>Tann. Schon zur n\u00e4chsten Stadtverordnetensitzung hat die Tanner FDP-Fraktion einen Antrag eingebracht, der unsere \u201ehei\u00dfen Feuerwehrfrauen und M\u00e4nner eiskalt werden l\u00e4sst\u201c, so der Tanner FDP Partei und Fraktionschef J\u00f6rg Witzel. Der Antrag sieht vor, in Zusammenarbeit mit den Freiwilligen Feuerwehren der Stadt Tann (Rh\u00f6n) und den Ortsbeir\u00e4ten zu pr\u00fcfen, ob im Gemeindegebiet eine Fl\u00e4che vorhanden ist, welche bei geeigneter Witterung durch \u00dcberflutung als Eisfl\u00e4che zur Freizeitgestaltung (Eislaufen oder \u00e4hnliches) genutzt werden kann. Witzel erkl\u00e4rt weiter, in dieser Gemeinschaftsaktion wollen die Tanner Liberale das WIR-Gef\u00fchl unter den Tanner Feuerwehren und B\u00fcrger st\u00e4rken. Das Verst\u00e4ndnis der Feuerwehren in den einzelnen Ortsteilen der Gemeinde Tann miteinander ist in Zukunft wichtiger als jemals zuvor. Zudem sieht Witzel ein mehrfachen Nutzen<strong>:<\/strong> \u201eDie Eisfl\u00e4che k\u00f6nnte die Feuerwehr zu \u00dcbungszwecke selbst nutzen und Kinder werden abgehalten, sich waghalsig auf zugefrorene Gew\u00e4sser zu begeben. Optimistisch \u00e4u\u00dfert sich Witzel weiter: \u201eDiese Aktion k\u00f6nnte ganz schnell zum Selbstl\u00e4ufer und Werbeaktion f\u00fcr die Freiwillige Feuerwehren werden, sei es \u00fcber Attraktionen wie Eisstockschie\u00dfen oder Hockey mit dem B\u00fcrger die auch im ersten Moment nichts mit der Feuerwehr zu tun haben, ein Gef\u00fchl der Zusammengeh\u00f6rigkeit zu erzeugen\u201c.<\/p>\n","protected":false},"excerpt":{"rendered":"<div class=\"tmnf_excerpt\"><p>Tann. Schon zur n\u00e4chsten Stadtverordnetensitzung hat die Tanner FDP-Fraktion einen Antrag eingebracht, der unsere \u201ehei\u00dfen Feuerwehrfrauen und M\u00e4nner eiskalt werden l\u00e4sst\u201c, so der Tanner FDP Partei und Fraktionschef J\u00f6rg Witzel. Der Antrag sieht vor, in Zusammenarbeit mit den Freiwilligen Feuerwehren der Stadt Tann (Rh\u00f6n) und den Ortsbeir\u00e4ten zu pr\u00fcfen, ob im Gemeindegebiet eine Fl\u00e4che vorhanden &hellip;<\/p>\n<\/div>","protected":false},"author":1,"featured_media":0,"comment_status":"closed","ping_status":"closed","sticky":false,"template":"","format":"standard","meta":{"footnotes":""},"categories":[1,29],"tags":[],"class_list":["post-103547","post","type-post","status-publish","format-standard","hentry","category-startseite","category-politik"],"_links":{"self":[{"href":"https:\/\/www.fuldaernachrichten.de\/index.php?rest_route=\/wp\/v2\/posts\/103547","targetHints":{"allow":["GET"]}}],"collection":[{"href":"https:\/\/www.fuldaernachrichten.de\/index.php?rest_route=\/wp\/v2\/posts"}],"about":[{"href":"https:\/\/www.fuldaernachrichten.de\/index.php?rest_route=\/wp\/v2\/types\/post"}],"author":[{"embeddable":true,"href":"https:\/\/www.fuldaernachrichten.de\/index.php?rest_route=\/wp\/v2\/users\/1"}],"replies":[{"embeddable":true,"href":"https:\/\/www.fuldaernachrichten.de\/index.php?rest_route=%2Fwp%2Fv2%2Fcomments&post=103547"}],"version-history":[{"count":0,"href":"https:\/\/www.fuldaernachrichten.de\/index.php?rest_route=\/wp\/v2\/posts\/103547\/revisions"}],"wp:attachment":[{"href":"https:\/\/www.fuldaernachrichten.de\/index.php?rest_route=%2Fwp%2Fv2%2Fmedia&parent=103547"}],"wp:term":[{"taxonomy":"category","embeddable":true,"href":"https:\/\/www.fuldaernachrichten.de\/index.php?rest_route=%2Fwp%2Fv2%2Fcategories&post=103547"},{"taxonomy":"post_tag","embeddable":true,"href":"https:\/\/www.fuldaernachrichten.de\/index.php?rest_route=%2Fwp%2Fv2%2Ftags&post=103547"}],"curies":[{"name":"wp","href":"https:\/\/api.w.org\/{rel}","templated":true}]}}