{"id":103544,"date":"2012-11-02T00:13:39","date_gmt":"2012-11-02T00:13:39","guid":{"rendered":"http:\/\/www.fuldaer-nachrichten.de\/?p=103544"},"modified":"2012-11-02T07:45:44","modified_gmt":"2012-11-02T07:45:44","slug":"bernd-baldus-live-im-vonderau-museum-fulda","status":"publish","type":"post","link":"https:\/\/www.fuldaernachrichten.de\/?p=103544","title":{"rendered":"Bernd Baldus live im Vonderau-Museum Fulda"},"content":{"rendered":"<p><strong><\/strong><img fetchpriority=\"high\" decoding=\"async\" class=\"alignleft size-thumbnail wp-image-103545\" title=\"Bernd-Baldus-Sept.-12--Foto-Walter-M.-Rammler\" src=\"http:\/\/www.fuldaer-nachrichten.de\/wp-content\/uploads\/2012\/11\/Bernd-Baldus-Sept.-12-Foto-Walter-M.-Rammler-265x398.jpg\" alt=\"\" width=\"265\" height=\"398\" srcset=\"https:\/\/www.fuldaernachrichten.de\/wp-content\/uploads\/2012\/11\/Bernd-Baldus-Sept.-12-Foto-Walter-M.-Rammler-265x398.jpg 265w, https:\/\/www.fuldaernachrichten.de\/wp-content\/uploads\/2012\/11\/Bernd-Baldus-Sept.-12-Foto-Walter-M.-Rammler-176x265.jpg 176w, https:\/\/www.fuldaernachrichten.de\/wp-content\/uploads\/2012\/11\/Bernd-Baldus-Sept.-12-Foto-Walter-M.-Rammler.jpg 399w\" sizes=\"(max-width: 265px) 100vw, 265px\" \/>Fulda. Im Rahmen der Ausstellung \u201eartist 2012\u201c steht Bernd Baldus am Sonntag, den 4. November 2012 von 13.00 \u2013 17.00 Uhr im Vonderau-Museum zum Gespr\u00e4ch \u00fcber seine k\u00fcnstlerischen Arbeiten bereit. Au\u00dferdem bringt er Lieder und Lyrik aus seinem B\u00fchnenprogramm, Autoren sind z.B. Brecht, Tucholsky und K\u00e4stner, aber auch Kris Kristofferson oder Hannes Wader. Der Eintritt zu dieser Veranstaltung ist frei.<\/p>\n<p>Foto: Walter M. Rammler<\/p>\n","protected":false},"excerpt":{"rendered":"<div class=\"tmnf_excerpt\"><p>Fulda. Im Rahmen der Ausstellung \u201eartist 2012\u201c steht Bernd Baldus am Sonntag, den 4. November 2012 von 13.00 \u2013 17.00 Uhr im Vonderau-Museum zum Gespr\u00e4ch \u00fcber seine k\u00fcnstlerischen Arbeiten bereit. Au\u00dferdem bringt er Lieder und Lyrik aus seinem B\u00fchnenprogramm, Autoren sind z.B. Brecht, Tucholsky und K\u00e4stner, aber auch Kris Kristofferson oder Hannes Wader. Der Eintritt &hellip;<\/p>\n<\/div>","protected":false},"author":1,"featured_media":0,"comment_status":"closed","ping_status":"closed","sticky":false,"template":"","format":"standard","meta":{"footnotes":""},"categories":[1,44],"tags":[],"class_list":["post-103544","post","type-post","status-publish","format-standard","hentry","category-startseite","category-kultur"],"_links":{"self":[{"href":"https:\/\/www.fuldaernachrichten.de\/index.php?rest_route=\/wp\/v2\/posts\/103544","targetHints":{"allow":["GET"]}}],"collection":[{"href":"https:\/\/www.fuldaernachrichten.de\/index.php?rest_route=\/wp\/v2\/posts"}],"about":[{"href":"https:\/\/www.fuldaernachrichten.de\/index.php?rest_route=\/wp\/v2\/types\/post"}],"author":[{"embeddable":true,"href":"https:\/\/www.fuldaernachrichten.de\/index.php?rest_route=\/wp\/v2\/users\/1"}],"replies":[{"embeddable":true,"href":"https:\/\/www.fuldaernachrichten.de\/index.php?rest_route=%2Fwp%2Fv2%2Fcomments&post=103544"}],"version-history":[{"count":1,"href":"https:\/\/www.fuldaernachrichten.de\/index.php?rest_route=\/wp\/v2\/posts\/103544\/revisions"}],"predecessor-version":[{"id":103546,"href":"https:\/\/www.fuldaernachrichten.de\/index.php?rest_route=\/wp\/v2\/posts\/103544\/revisions\/103546"}],"wp:attachment":[{"href":"https:\/\/www.fuldaernachrichten.de\/index.php?rest_route=%2Fwp%2Fv2%2Fmedia&parent=103544"}],"wp:term":[{"taxonomy":"category","embeddable":true,"href":"https:\/\/www.fuldaernachrichten.de\/index.php?rest_route=%2Fwp%2Fv2%2Fcategories&post=103544"},{"taxonomy":"post_tag","embeddable":true,"href":"https:\/\/www.fuldaernachrichten.de\/index.php?rest_route=%2Fwp%2Fv2%2Ftags&post=103544"}],"curies":[{"name":"wp","href":"https:\/\/api.w.org\/{rel}","templated":true}]}}