{"id":103542,"date":"2012-11-02T00:12:02","date_gmt":"2012-11-02T00:12:02","guid":{"rendered":"http:\/\/www.fuldaer-nachrichten.de\/?p=103542"},"modified":"2012-11-02T07:44:26","modified_gmt":"2012-11-02T07:44:26","slug":"kleinkunst-fruhstuck-mit-andreas-wetter","status":"publish","type":"post","link":"https:\/\/www.fuldaernachrichten.de\/?p=103542","title":{"rendered":"Kleinkunst Fr\u00fchst\u00fcck mit Andreas Wetter"},"content":{"rendered":"<p><img fetchpriority=\"high\" decoding=\"async\" class=\"alignleft size-thumbnail wp-image-103543\" title=\"Andreas Wetter_1\" src=\"http:\/\/www.fuldaer-nachrichten.de\/wp-content\/uploads\/2012\/11\/Andreas-Wetter_1-265x198.jpg\" alt=\"\" width=\"265\" height=\"198\" srcset=\"https:\/\/www.fuldaernachrichten.de\/wp-content\/uploads\/2012\/11\/Andreas-Wetter_1-265x198.jpg 265w, https:\/\/www.fuldaernachrichten.de\/wp-content\/uploads\/2012\/11\/Andreas-Wetter_1.jpg 600w\" sizes=\"(max-width: 265px) 100vw, 265px\" \/>Fulda. Das zweite Kleinkunst-Fr\u00fchst\u00fcck im Caf\u00e9 Memory findet am 11.11. um 9.30 Uhr statt. F\u00fcr diesen Morgen mit Andreas Wetter sind nur noch wenige Karten erh\u00e4ltlich. Beim ersten Kleinkunst-Fr\u00fchst\u00fcck im Oktober dieses Jahres konnten \u00fcber 40 Besucher begr\u00fc\u00dft werden. Bei einem leckeren Fr\u00fchst\u00fcck wurden von Marion Hasenauer als Dr. Schneckenfittich einige neurologische L\u00fccken gef\u00fcllt, viele Lacher provoziert und den G\u00e4sten ein abwechslungsreicher Sonntag Vormittag bereitet.<!--more--><\/p>\n<p>Zur zweiten Auflage des Kleinkunst-Fr\u00fchst\u00fccks am Sonntag, dem 11.11. wird Andreas Wetter erwartet. In kleiner, neuer Formation wird der S\u00e4nger und Songwriter aus Fulda Eigenkompositionen und St\u00fccke aus dem Oldie-, Tanz-, Rock- und Pop-Bereich in deutscher und englischer Sprache spielen. Wen Andreas Wetter zur Verst\u00e4rkung mitbringt, soll eine \u00dcberraschung sein. Da die Band etwas mehr Raum braucht, sind die Pl\u00e4tze begrenzt. Ab sofort k\u00f6nnen Karten im VVK \u00fcber www.marions-events.de gebucht werden.<\/p>\n<p>Das n\u00e4chste Kleinkunst-Fr\u00fchst\u00fcck danach findet am 9.12. statt, wie immer am zweiten Sonntag des Monats. Dazu wird Zauberk\u00fcnstler Martino mit Seilen, T\u00fcchern, M\u00fcnzen und Karten Zaubertricks f\u00fcr Erwachsene und Kinder zeigen. Beginn des Kleinkunst-Fr\u00fchst\u00fccks ist um 9.30 Uhr an jedem zweiten Sonntag im Monat im Caf\u00e9 Memory am Abtstor 2 in Fulda. Wechselnde K\u00fcnstler unterhalten die G\u00e4ste bei einem Auswahlfr\u00fchst\u00fcck, auf Wunsch auch vegetarisch. Die Kosten inklusive Fr\u00fchst\u00fcck betragen 12 Euro, f\u00fcr den K\u00fcnstler geht nach der Darbietung ein Hut herum. Karten im Vorverkauf sind im Caf\u00e9 Memory oder unter www.marions-events.de erh\u00e4ltlich.<\/p>\n","protected":false},"excerpt":{"rendered":"<div class=\"tmnf_excerpt\"><p>Fulda. Das zweite Kleinkunst-Fr\u00fchst\u00fcck im Caf\u00e9 Memory findet am 11.11. um 9.30 Uhr statt. F\u00fcr diesen Morgen mit Andreas Wetter sind nur noch wenige Karten erh\u00e4ltlich. Beim ersten Kleinkunst-Fr\u00fchst\u00fcck im Oktober dieses Jahres konnten \u00fcber 40 Besucher begr\u00fc\u00dft werden. Bei einem leckeren Fr\u00fchst\u00fcck wurden von Marion Hasenauer als Dr. Schneckenfittich einige neurologische L\u00fccken gef\u00fcllt, viele &hellip;<\/p>\n<\/div>","protected":false},"author":1,"featured_media":0,"comment_status":"closed","ping_status":"closed","sticky":false,"template":"","format":"standard","meta":{"footnotes":""},"categories":[1,44],"tags":[],"class_list":["post-103542","post","type-post","status-publish","format-standard","hentry","category-startseite","category-kultur"],"_links":{"self":[{"href":"https:\/\/www.fuldaernachrichten.de\/index.php?rest_route=\/wp\/v2\/posts\/103542","targetHints":{"allow":["GET"]}}],"collection":[{"href":"https:\/\/www.fuldaernachrichten.de\/index.php?rest_route=\/wp\/v2\/posts"}],"about":[{"href":"https:\/\/www.fuldaernachrichten.de\/index.php?rest_route=\/wp\/v2\/types\/post"}],"author":[{"embeddable":true,"href":"https:\/\/www.fuldaernachrichten.de\/index.php?rest_route=\/wp\/v2\/users\/1"}],"replies":[{"embeddable":true,"href":"https:\/\/www.fuldaernachrichten.de\/index.php?rest_route=%2Fwp%2Fv2%2Fcomments&post=103542"}],"version-history":[{"count":0,"href":"https:\/\/www.fuldaernachrichten.de\/index.php?rest_route=\/wp\/v2\/posts\/103542\/revisions"}],"wp:attachment":[{"href":"https:\/\/www.fuldaernachrichten.de\/index.php?rest_route=%2Fwp%2Fv2%2Fmedia&parent=103542"}],"wp:term":[{"taxonomy":"category","embeddable":true,"href":"https:\/\/www.fuldaernachrichten.de\/index.php?rest_route=%2Fwp%2Fv2%2Fcategories&post=103542"},{"taxonomy":"post_tag","embeddable":true,"href":"https:\/\/www.fuldaernachrichten.de\/index.php?rest_route=%2Fwp%2Fv2%2Ftags&post=103542"}],"curies":[{"name":"wp","href":"https:\/\/api.w.org\/{rel}","templated":true}]}}