{"id":103495,"date":"2012-11-02T00:11:43","date_gmt":"2012-11-02T00:11:43","guid":{"rendered":"http:\/\/www.fuldaer-nachrichten.de\/?p=103495"},"modified":"2012-11-02T07:36:19","modified_gmt":"2012-11-02T07:36:19","slug":"diozesanwallfahrt-der-chore-des-bistums-fulda-nach-rom-mit-besuch-der-generalaudienz-bei-papst-benedikt","status":"publish","type":"post","link":"https:\/\/www.fuldaernachrichten.de\/?p=103495","title":{"rendered":"Di\u00f6zesanwallfahrt der Ch\u00f6re des Bistums Fulda nach Rom mit Besuch der Generalaudienz bei Papst Benedikt"},"content":{"rendered":"<p><img decoding=\"async\" class=\"alignleft size-thumbnail wp-image-103496\" title=\"IMG_3702a\" src=\"http:\/\/www.fuldaer-nachrichten.de\/wp-content\/uploads\/2012\/11\/IMG_3702a-265x116.jpg\" alt=\"\" width=\"265\" height=\"116\" srcset=\"https:\/\/www.fuldaernachrichten.de\/wp-content\/uploads\/2012\/11\/IMG_3702a-265x116.jpg 265w, https:\/\/www.fuldaernachrichten.de\/wp-content\/uploads\/2012\/11\/IMG_3702a.jpg 592w\" sizes=\"(max-width: 265px) 100vw, 265px\" \/>Rom\/Fulda. \u201eWenn ich mich nicht t\u00e4usche, m\u00f6chten die Bl\u00e4ser uns vielleicht etwas h\u00f6ren lassen.\u201c Diese Worte, gesprochen von Papst Benedikt XVI. bei seiner Generalaudienz am 24. Oktober auf dem Petersplatz in Rom, waren das Signal f\u00fcr die Ch\u00f6re des Bistums Fulda, den Heiligen Vater in einer kurzen musikalischen Darbietung mit \u201eTu es Petrus\u201c von Carl Jaspers (1835-1882), dirigiert von Regionalkantor Thomas Pieper (Kassel), zu begr\u00fc\u00dfen. Im Rahmen einer Chorwallfahrt des Bistums Fulda hatten sich 179 Reisende (123 S\u00e4ngerinnen und S\u00e4nger einzelner Ch\u00f6re der Di\u00f6zese sowie weitere Mitreisende) vom 19. bis 25. Oktober auf den Weg in die \u201eEwige Stadt\u201c Rom gemacht. W\u00e4hrend die Mehrheit der Teilnehmer im ICE von Kassel bzw. Fulda nach M\u00fcnchen und von dort mit dem City-Night-Line\/Nachtzug nach Rom reiste, nutzte ein Teil auch die M\u00f6glichkeit, von Frankfurt nach Rom zu fliegen. Initiiert und begleitet wurde diese Wallfahrt von der Leiterin des Bisch\u00f6flichen Kirchenmusikinstitutes, Edith Harmsen (Fulda), sowie den Regionalkantoren Christopher L\u00f6bens (H\u00fcnfeld), Ulrich Moormann (Fulda), Thomas Pieper (Kassel), Oskar Roithmeier (Marburg) und Thomas Wiegelmann (Bad Orb).<!--more--><\/p>\n<p><img fetchpriority=\"high\" decoding=\"async\" class=\"alignleft size-thumbnail wp-image-103497\" title=\"PICT4457a\" src=\"http:\/\/www.fuldaer-nachrichten.de\/wp-content\/uploads\/2012\/11\/PICT4457a-265x208.jpg\" alt=\"\" width=\"265\" height=\"208\" srcset=\"https:\/\/www.fuldaernachrichten.de\/wp-content\/uploads\/2012\/11\/PICT4457a-265x208.jpg 265w, https:\/\/www.fuldaernachrichten.de\/wp-content\/uploads\/2012\/11\/PICT4457a.jpg 592w\" sizes=\"(max-width: 265px) 100vw, 265px\" \/>In Rom angekommen, erwartete die Teilnehmer ein abwechslungsreich gestaltetes Programm bei wundervoll sonnigem und sommerlich warmem Wetter. Neben sachkundigen F\u00fchrungen und Besichtigungen der wichtigsten Sehensw\u00fcrdigkeiten Roms, sowohl weltlicher als auch geistlicher Art (Vatikanische Museen, Sixtinische Kapelle, Petersdom, Kolosseum, Forum Romanum, spanische Treppe, Trevi-Brunnen) wurden drei Gottesdienste in den Hauptkirchen Roms (Lateranbasilika, Basilika Santa Maria Maggiore, Basilika St. Paul vor den Mauern) gefeiert. In einem eigens f\u00fcr diese Wallfahrt zusammengestellten \u201eRomheft\u201c waren Chors\u00e4tze unterschiedlicher Epochen und Komponisten abgedruckt, die in den einzelnen Ch\u00f6ren seit August des vorigen Jahres einstudiert und in zwei Tutti-Sonderproben, jeweils in Fulda, noch vertieft und gefestigt wurden. Edith Harmsen und die Regionalkantoren wechselten sich im Dirigat der einzelnen musikalischen Beitr\u00e4ge ab. Ein achtk\u00f6pfiges Bl\u00e4serensemble der Musikhochschule W\u00fcrzburg begleitete die S\u00e4nger musikalisch in allen Gottesdiensten. Vom Leiter der Kirchenmusikalischen Fortbildungsst\u00e4tte der EKKW in Schl\u00fcchtern, Gunther Martin G\u00f6ttsche, wurde im Auftrag des Bistums Fulda die \u201eFuldaer Messe\u201c f\u00fcr diese Pilgerfahrt nach Rom komponiert. Als diese Messe im Pontifikalamt in der Basilika Santa Maria Maggiore zur Auff\u00fchrung kam, war der Komponist pers\u00f6nlich anwesend und freute sich \u00fcber die gelungene Umsetzung seines Werkes.<\/p>\n<p>Hauptzelebrant der Pontifikal\u00e4mter in der Lateranbasilika und in Santa Maria Maggiore war Weihbischof Dr. Karlheinz Diez, der die Pilgergruppe w\u00e4hrend der gesamten Reise begleitete; die Pontifikalvesper in St. Paul vor den Mauern wurde vom etwas sp\u00e4ter nachgereisten Di\u00f6zesanbischof Heinz Josef Algermissen geleitet. Einen der vielen H\u00f6hepunkte der Wallfahrt stellte die Teilnahme an der Generalaudienz bei Papst Benedikt XVI. auf dem Petersplatz dar. Menschen aus aller Welt kommen hier jeden Mittwoch zusammen, um gemeinsam zu beten und den Segen des Heiligen Vaters zu empfangen. Gut vorbereitet konnten die S\u00e4ngerinnen und S\u00e4nger der Pilgergruppe aus Fulda auf vordersten Pl\u00e4tzen gemeinsam mit den Bl\u00e4sern ihre Kunst zu Geh\u00f6r bringen.<\/p>\n<p>Nicht nur die musikalisch gestalteten Gottesdienste, die Generalaudienz auf dem Petersplatz beim Papst und das ausf\u00fchrliche Kulturprogramm mit F\u00fchrungen und Besichtigungen der reichhaltigen Sehensw\u00fcrdigkeiten Roms standen im Mittelpunkt dieser Wallfahrt, sondern auch die intensive Auffrischung bereits bestehender Freundschaften und Kontakte sowie die bereichernde Kn\u00fcpfung neuer Bande. Auch die weitreichenden Eindr\u00fccke der faszinierenden Stadt lie\u00dfen die Pilgerfahrt zu einem gro\u00dfartigen und unvergesslichen Erlebnis f\u00fcr alle Teilnehmer werden.\u00c2\u00a0 (Monika Bauer \/ Pfarrchor Bad Orb)<\/p>\n","protected":false},"excerpt":{"rendered":"<div class=\"tmnf_excerpt\"><p>Rom\/Fulda. \u201eWenn ich mich nicht t\u00e4usche, m\u00f6chten die Bl\u00e4ser uns vielleicht etwas h\u00f6ren lassen.\u201c Diese Worte, gesprochen von Papst Benedikt XVI. bei seiner Generalaudienz am 24. Oktober auf dem Petersplatz in Rom, waren das Signal f\u00fcr die Ch\u00f6re des Bistums Fulda, den Heiligen Vater in einer kurzen musikalischen Darbietung mit \u201eTu es Petrus\u201c von Carl &hellip;<\/p>\n<\/div>","protected":false},"author":1,"featured_media":0,"comment_status":"closed","ping_status":"closed","sticky":false,"template":"","format":"standard","meta":{"footnotes":""},"categories":[1,50],"tags":[],"class_list":["post-103495","post","type-post","status-publish","format-standard","hentry","category-startseite","category-kirche"],"_links":{"self":[{"href":"https:\/\/www.fuldaernachrichten.de\/index.php?rest_route=\/wp\/v2\/posts\/103495","targetHints":{"allow":["GET"]}}],"collection":[{"href":"https:\/\/www.fuldaernachrichten.de\/index.php?rest_route=\/wp\/v2\/posts"}],"about":[{"href":"https:\/\/www.fuldaernachrichten.de\/index.php?rest_route=\/wp\/v2\/types\/post"}],"author":[{"embeddable":true,"href":"https:\/\/www.fuldaernachrichten.de\/index.php?rest_route=\/wp\/v2\/users\/1"}],"replies":[{"embeddable":true,"href":"https:\/\/www.fuldaernachrichten.de\/index.php?rest_route=%2Fwp%2Fv2%2Fcomments&post=103495"}],"version-history":[{"count":0,"href":"https:\/\/www.fuldaernachrichten.de\/index.php?rest_route=\/wp\/v2\/posts\/103495\/revisions"}],"wp:attachment":[{"href":"https:\/\/www.fuldaernachrichten.de\/index.php?rest_route=%2Fwp%2Fv2%2Fmedia&parent=103495"}],"wp:term":[{"taxonomy":"category","embeddable":true,"href":"https:\/\/www.fuldaernachrichten.de\/index.php?rest_route=%2Fwp%2Fv2%2Fcategories&post=103495"},{"taxonomy":"post_tag","embeddable":true,"href":"https:\/\/www.fuldaernachrichten.de\/index.php?rest_route=%2Fwp%2Fv2%2Ftags&post=103495"}],"curies":[{"name":"wp","href":"https:\/\/api.w.org\/{rel}","templated":true}]}}