{"id":103479,"date":"2012-11-01T00:15:46","date_gmt":"2012-11-01T00:15:46","guid":{"rendered":"http:\/\/www.fuldaer-nachrichten.de\/?p=103479"},"modified":"2012-11-01T09:14:07","modified_gmt":"2012-11-01T09:14:07","slug":"schneewittchen-das-musical-gastiert-in-hunfeld","status":"publish","type":"post","link":"https:\/\/www.fuldaernachrichten.de\/?p=103479","title":{"rendered":"\u201eSchneewittchen &#8211; das Musical\u201c gastiert in H\u00fcnfeld"},"content":{"rendered":"<p><img decoding=\"async\" class=\"alignleft size-thumbnail wp-image-103481\" title=\"Foto Schneewittchen (4)\" src=\"http:\/\/www.fuldaer-nachrichten.de\/wp-content\/uploads\/2012\/11\/Foto-Schneewittchen-4-265x176.jpg\" alt=\"\" width=\"265\" height=\"176\" srcset=\"https:\/\/www.fuldaernachrichten.de\/wp-content\/uploads\/2012\/11\/Foto-Schneewittchen-4-265x176.jpg 265w, https:\/\/www.fuldaernachrichten.de\/wp-content\/uploads\/2012\/11\/Foto-Schneewittchen-4.jpg 600w\" sizes=\"(max-width: 265px) 100vw, 265px\" \/>H\u00fcnfeld. \u201eSpieglein, Spieglein an der Wand, wer ist die Sch\u00f6nste im ganzen Land?\u201c, so beginnt es, das ber\u00fchmteste aller M\u00e4rchen, und so beginnt auch das M\u00e4rchen-Musical f\u00fcr die ganze Familie aus dem Hause Theater Liberi, das p\u00fcnktlich zum Auftakt des Grimm-Jahres am Freitag den 14. Dezember 2012 um 16:00 Uhr auf die B\u00fchne der Stadthalle Kolpinghaus in H\u00fcnfeld kommt. Und das als romantisches und heiteres Musical f\u00fcr die ganze Familie! Mit tollem B\u00fchnenbild, bezaubernden Kost\u00fcmen und anspruchsvoller musikalischer Gestaltung ist die phantasievolle Inszenierung des Theater Liberi ein kurzweiliges Musical-Erlebnis f\u00fcr Kinder und Kindgebliebene ab vier Jahren.<!--more--><\/p>\n<p>\u201eSpieglein, Spieglein an der Wand, wer ist die Sch\u00f6nste im ganzen Land?\u201c\u00e2\u20ac\u00a6 wer sonst au\u00dfer der b\u00f6sen K\u00f6nigin fragt diese Frage aller Fragen jeden Abend ihren allwissenden Spiegel. Und jeden Abend bekommt sie dieselbe Antwort: \u201eFrau K\u00f6nigin, ihr seid die Sch\u00f6nste hier!\u201c. Als aber ihre Stieftochter Schneewittchen heranw\u00e4chst und immer sch\u00f6ner wird, wendet sich das Blatt, denn als schlie\u00dflich der allwissende Spiegel gestehen muss, dass sie zwar sch\u00f6n ist, Schneewittchen aber tausendmal sch\u00f6ner sei als sie, beginnt das Ungl\u00fcck und die allseits bekannte Geschichte nimmt bis zum Happy-End ihren Lauf\u00e2\u20ac\u00a6<\/p>\n<p><img decoding=\"async\" class=\"alignleft size-thumbnail wp-image-103480\" title=\"Foto Schneewittchen (1)\" src=\"http:\/\/www.fuldaer-nachrichten.de\/wp-content\/uploads\/2012\/11\/Foto-Schneewittchen-1-265x161.jpg\" alt=\"\" width=\"265\" height=\"161\" srcset=\"https:\/\/www.fuldaernachrichten.de\/wp-content\/uploads\/2012\/11\/Foto-Schneewittchen-1-265x161.jpg 265w, https:\/\/www.fuldaernachrichten.de\/wp-content\/uploads\/2012\/11\/Foto-Schneewittchen-1.jpg 600w\" sizes=\"(max-width: 265px) 100vw, 265px\" \/>\u00c2\u00a0\u201eSchneewittchen \u2013 das Musical\u201c ist die dritte Familien-Musical-Produktion des Bochumer \u201eTheater Liberi\u201c. Das H\u00fcnfelder Publikum erwartet eine anspruchsvolle und familiengerechte Musical-Version des Grimm\u00c2\u00b4schen M\u00e4rchens, das neben den Kinderherzen sicherlich auch die Herzen der erwachsenen Musical-Fans h\u00f6her schlagen lassen wird! Daf\u00fcr garantiert neben phantasievollen Kost\u00fcmen, einem innovativen B\u00fchnenbild und der musikalischen Gestaltung von Christian Becker und Christoph Kloppenburg von der weltweit erfolgreichen Nu\u00c2\u00b4Jazz-Band \u201eMOCA\u201c insbesondere die Musical-Darstellerin Isabel Fl\u00f6ssel in der Hauptrolle! Sie wird nicht nur \u00e4u\u00dferlich dem wundersch\u00f6nen Schneewittchen mehr als gerecht, sondern wird die kleinen und gro\u00dfen Zuschauer sicherlich auch mit ihrer Stimme verzaubern. Und die Zwerge, die d\u00fcrfen nat\u00fcrlich auch nicht fehlen\u00e2\u20ac\u00a6<\/p>\n<p>Sichern Sie sich Ihre Tickets rechtzeitig zum Preis von 10,00 Euro oder 12,50 Euro je nach Kategorie im Vorverkauf (zzgl. Geb\u00fchren, Tageskasse 13,00 Euro oder 16,00 Euro) bei allen bekannten Vorverkaufsstellen oder unter der Ticket-Hotline 01805 \u2013 600 311 oder auf <a href=\"http:\/\/www.theater-liberi.de\">www.theater-liberi.de<\/a>. Dort gibt\u00c2\u00b4s auch viele weitere Infos.<\/p>\n<p>Die Veranstaltung wird unterst\u00fctzt von der Sparkasse Fulda und den Stadtwerken H\u00fcnfeld.<\/p>\n<p>&nbsp;<\/p>\n<p>&nbsp;<\/p>\n<p>&nbsp;<\/p>\n<p>&nbsp;<\/p>\n","protected":false},"excerpt":{"rendered":"<div class=\"tmnf_excerpt\"><p>H\u00fcnfeld. \u201eSpieglein, Spieglein an der Wand, wer ist die Sch\u00f6nste im ganzen Land?\u201c, so beginnt es, das ber\u00fchmteste aller M\u00e4rchen, und so beginnt auch das M\u00e4rchen-Musical f\u00fcr die ganze Familie aus dem Hause Theater Liberi, das p\u00fcnktlich zum Auftakt des Grimm-Jahres am Freitag den 14. Dezember 2012 um 16:00 Uhr auf die B\u00fchne der Stadthalle &hellip;<\/p>\n<\/div>","protected":false},"author":1,"featured_media":0,"comment_status":"closed","ping_status":"closed","sticky":false,"template":"","format":"standard","meta":{"footnotes":""},"categories":[1,44],"tags":[],"class_list":["post-103479","post","type-post","status-publish","format-standard","hentry","category-startseite","category-kultur"],"_links":{"self":[{"href":"https:\/\/www.fuldaernachrichten.de\/index.php?rest_route=\/wp\/v2\/posts\/103479","targetHints":{"allow":["GET"]}}],"collection":[{"href":"https:\/\/www.fuldaernachrichten.de\/index.php?rest_route=\/wp\/v2\/posts"}],"about":[{"href":"https:\/\/www.fuldaernachrichten.de\/index.php?rest_route=\/wp\/v2\/types\/post"}],"author":[{"embeddable":true,"href":"https:\/\/www.fuldaernachrichten.de\/index.php?rest_route=\/wp\/v2\/users\/1"}],"replies":[{"embeddable":true,"href":"https:\/\/www.fuldaernachrichten.de\/index.php?rest_route=%2Fwp%2Fv2%2Fcomments&post=103479"}],"version-history":[{"count":0,"href":"https:\/\/www.fuldaernachrichten.de\/index.php?rest_route=\/wp\/v2\/posts\/103479\/revisions"}],"wp:attachment":[{"href":"https:\/\/www.fuldaernachrichten.de\/index.php?rest_route=%2Fwp%2Fv2%2Fmedia&parent=103479"}],"wp:term":[{"taxonomy":"category","embeddable":true,"href":"https:\/\/www.fuldaernachrichten.de\/index.php?rest_route=%2Fwp%2Fv2%2Fcategories&post=103479"},{"taxonomy":"post_tag","embeddable":true,"href":"https:\/\/www.fuldaernachrichten.de\/index.php?rest_route=%2Fwp%2Fv2%2Ftags&post=103479"}],"curies":[{"name":"wp","href":"https:\/\/api.w.org\/{rel}","templated":true}]}}