{"id":103472,"date":"2012-11-01T00:11:39","date_gmt":"2012-11-01T00:11:39","guid":{"rendered":"http:\/\/www.fuldaer-nachrichten.de\/?p=103472"},"modified":"2012-11-01T09:04:46","modified_gmt":"2012-11-01T09:04:46","slug":"7-x-7-trostende-worte-zuspruch-in-zeiten-der-trauer","status":"publish","type":"post","link":"https:\/\/www.fuldaernachrichten.de\/?p=103472","title":{"rendered":"7 x 7 tr\u00f6stende Worte &#8211; Zuspruch in Zeiten der Trauer"},"content":{"rendered":"<p><img fetchpriority=\"high\" decoding=\"async\" class=\"alignleft size-thumbnail wp-image-103473\" title=\"7x7 tro\u00cc\u02c6stende Worte - Begleitkarten -Cover\" src=\"http:\/\/www.fuldaer-nachrichten.de\/wp-content\/uploads\/2012\/11\/7x7-tro\u00cc\u02c6stende-Worte-Begleitkarten-Cover-265x265.jpg\" alt=\"\" width=\"265\" height=\"265\" \/>Fulda. Den Verlust eines Menschen zu verarbeiten, braucht seine Zeit. Gerade in der Anfangszeit wird man oft mitten im Alltag von der Trauer eingeholt. Auf sensible Weise tr\u00f6sten und ermutigen die spirituellen Impulse dieses Trauerbegleiters. Sie sind nach den 7 verschiedenen Trauerphasen gegliedert. Die stabilen Karten sind mit ermutigenden Bildern gestaltet. Sie lassen sich einfach heraustrennen und f\u00fcr unterwegs mitnehmen. Dadurch werden sie zu t\u00e4glichen Begleitern f\u00fcr die Trauernden. Sie eigenen sich ideal als Geschenk oder sinnvolle Beigabe zu einer Kondolenzkarte (Werner Gutheil)<\/p>\n<p>&nbsp;<\/p>\n","protected":false},"excerpt":{"rendered":"<div class=\"tmnf_excerpt\"><p>Fulda. Den Verlust eines Menschen zu verarbeiten, braucht seine Zeit. Gerade in der Anfangszeit wird man oft mitten im Alltag von der Trauer eingeholt. Auf sensible Weise tr\u00f6sten und ermutigen die spirituellen Impulse dieses Trauerbegleiters. Sie sind nach den 7 verschiedenen Trauerphasen gegliedert. Die stabilen Karten sind mit ermutigenden Bildern gestaltet. Sie lassen sich einfach &hellip;<\/p>\n<\/div>","protected":false},"author":1,"featured_media":0,"comment_status":"closed","ping_status":"closed","sticky":false,"template":"","format":"standard","meta":{"footnotes":""},"categories":[53],"tags":[],"class_list":["post-103472","post","type-post","status-publish","format-standard","hentry","category-bildung"],"_links":{"self":[{"href":"https:\/\/www.fuldaernachrichten.de\/index.php?rest_route=\/wp\/v2\/posts\/103472","targetHints":{"allow":["GET"]}}],"collection":[{"href":"https:\/\/www.fuldaernachrichten.de\/index.php?rest_route=\/wp\/v2\/posts"}],"about":[{"href":"https:\/\/www.fuldaernachrichten.de\/index.php?rest_route=\/wp\/v2\/types\/post"}],"author":[{"embeddable":true,"href":"https:\/\/www.fuldaernachrichten.de\/index.php?rest_route=\/wp\/v2\/users\/1"}],"replies":[{"embeddable":true,"href":"https:\/\/www.fuldaernachrichten.de\/index.php?rest_route=%2Fwp%2Fv2%2Fcomments&post=103472"}],"version-history":[{"count":1,"href":"https:\/\/www.fuldaernachrichten.de\/index.php?rest_route=\/wp\/v2\/posts\/103472\/revisions"}],"predecessor-version":[{"id":103474,"href":"https:\/\/www.fuldaernachrichten.de\/index.php?rest_route=\/wp\/v2\/posts\/103472\/revisions\/103474"}],"wp:attachment":[{"href":"https:\/\/www.fuldaernachrichten.de\/index.php?rest_route=%2Fwp%2Fv2%2Fmedia&parent=103472"}],"wp:term":[{"taxonomy":"category","embeddable":true,"href":"https:\/\/www.fuldaernachrichten.de\/index.php?rest_route=%2Fwp%2Fv2%2Fcategories&post=103472"},{"taxonomy":"post_tag","embeddable":true,"href":"https:\/\/www.fuldaernachrichten.de\/index.php?rest_route=%2Fwp%2Fv2%2Ftags&post=103472"}],"curies":[{"name":"wp","href":"https:\/\/api.w.org\/{rel}","templated":true}]}}