{"id":103471,"date":"2012-11-01T00:12:11","date_gmt":"2012-11-01T00:12:11","guid":{"rendered":"http:\/\/www.fuldaer-nachrichten.de\/?p=103471"},"modified":"2012-11-01T08:59:42","modified_gmt":"2012-11-01T08:59:42","slug":"altbucherbasar-am-10-11-in-kunzell","status":"publish","type":"post","link":"https:\/\/www.fuldaernachrichten.de\/?p=103471","title":{"rendered":"Altb\u00fccherbasar am 10.11. in K\u00fcnzell"},"content":{"rendered":"<p>K\u00fcnzell. Zum Altb\u00fccherbasar mit einem Sondertisch zum Thema \u201eAdvent und Weihnachten\u201c l\u00e4dt die Kinderhilfe Indien am Samstag, 10. November ins Thomas-Morus-Haus nach K\u00fcnzell. Geboten werden Bildb\u00e4nde und allgemeine Literatur zum Thema &#8211; und die gewohnte Vielzahl gut erhaltener B\u00fccher jedweder Fachrichtung. Zum Anlesen bietet die Schm\u00f6kerecke Kaffee und Kuchen. Der Basar im Haus neben der Kirche ist ge\u00f6ffnet von 14 bis 16 Uhr. Der Erl\u00f6s ist f\u00fcr die Kinderhilfe Indien der Jesuiten-Mission. Fragen beantwortet Marlene Diel unter Telefon 0661 \u2013 35191.<\/p>\n","protected":false},"excerpt":{"rendered":"<div class=\"tmnf_excerpt\"><p>K\u00fcnzell. Zum Altb\u00fccherbasar mit einem Sondertisch zum Thema \u201eAdvent und Weihnachten\u201c l\u00e4dt die Kinderhilfe Indien am Samstag, 10. November ins Thomas-Morus-Haus nach K\u00fcnzell. Geboten werden Bildb\u00e4nde und allgemeine Literatur zum Thema &#8211; und die gewohnte Vielzahl gut erhaltener B\u00fccher jedweder Fachrichtung. Zum Anlesen bietet die Schm\u00f6kerecke Kaffee und Kuchen. Der Basar im Haus neben der &hellip;<\/p>\n<\/div>","protected":false},"author":1,"featured_media":0,"comment_status":"closed","ping_status":"closed","sticky":false,"template":"","format":"standard","meta":{"footnotes":""},"categories":[1,44],"tags":[],"class_list":["post-103471","post","type-post","status-publish","format-standard","hentry","category-startseite","category-kultur"],"_links":{"self":[{"href":"https:\/\/www.fuldaernachrichten.de\/index.php?rest_route=\/wp\/v2\/posts\/103471","targetHints":{"allow":["GET"]}}],"collection":[{"href":"https:\/\/www.fuldaernachrichten.de\/index.php?rest_route=\/wp\/v2\/posts"}],"about":[{"href":"https:\/\/www.fuldaernachrichten.de\/index.php?rest_route=\/wp\/v2\/types\/post"}],"author":[{"embeddable":true,"href":"https:\/\/www.fuldaernachrichten.de\/index.php?rest_route=\/wp\/v2\/users\/1"}],"replies":[{"embeddable":true,"href":"https:\/\/www.fuldaernachrichten.de\/index.php?rest_route=%2Fwp%2Fv2%2Fcomments&post=103471"}],"version-history":[{"count":0,"href":"https:\/\/www.fuldaernachrichten.de\/index.php?rest_route=\/wp\/v2\/posts\/103471\/revisions"}],"wp:attachment":[{"href":"https:\/\/www.fuldaernachrichten.de\/index.php?rest_route=%2Fwp%2Fv2%2Fmedia&parent=103471"}],"wp:term":[{"taxonomy":"category","embeddable":true,"href":"https:\/\/www.fuldaernachrichten.de\/index.php?rest_route=%2Fwp%2Fv2%2Fcategories&post=103471"},{"taxonomy":"post_tag","embeddable":true,"href":"https:\/\/www.fuldaernachrichten.de\/index.php?rest_route=%2Fwp%2Fv2%2Ftags&post=103471"}],"curies":[{"name":"wp","href":"https:\/\/api.w.org\/{rel}","templated":true}]}}