{"id":103470,"date":"2012-11-01T00:12:14","date_gmt":"2012-11-01T00:12:14","guid":{"rendered":"http:\/\/www.fuldaer-nachrichten.de\/?p=103470"},"modified":"2012-11-01T08:58:58","modified_gmt":"2012-11-01T08:58:58","slug":"vortrage-zu-biothan-und-mikro-kwk-beratung-beim-aktionstag-gwv-angebote-zu-den-19-fuldaer-energiesparwochen","status":"publish","type":"post","link":"https:\/\/www.fuldaernachrichten.de\/?p=103470","title":{"rendered":"Vortr\u00e4ge zu Biothan und Mikro-KWK, Beratung beim Aktionstag: GWV-Angebote zu den 19. Fuldaer Energiesparwochen"},"content":{"rendered":"<p>Fulda. Mit zwei aktuellen Vortr\u00e4gen und dem Energieberatungs-Angebot im Erdgas-Mobil beim Aktionstag am 3. November 2012 ist die Gas- und Wasserversorgung Fulda (GWV) bei den 19. Fuldaer Energiesparwochen dabei. Auf dem neu gestalteten Universit\u00e4tsplatz k\u00f6nnen Interessentinnen und Interessenten am Samstag, 3. November 2012, zwischen 10:00 und 16:00 Uhr im Erdgas-Mobil alles Wissenswerte rund um den Einsatz von Erdgas erfahren. Eine W\u00e4rmebild-Kamera, wie sie bei Thermografie-Aufnahmen von Geb\u00e4uden zum Einsatz kommt, ist ebenfalls an Bord. Diese Technik sp\u00fcrt W\u00e4rmelecks und K\u00e4ltebr\u00fccken an der Geb\u00e4udeh\u00fclle auf.<!--more--><\/p>\n<p>Au\u00dferdem pr\u00e4sentiert GWV Erdgas-Autos \u2013 bew\u00e4hrte Technik f\u00fcr preisg\u00fcnstige und umweltschonende individuelle Mobilit\u00e4t. Die Energieberater vor Ort geben gerne auch Auskunft \u00fcber modernste Heiztechniken mit Erdgas, die Kombination von Erdgas und Solar, Brennwerttechnik und Kraft-W\u00e4rme-Kopplung (KWK). Denn die stromerzeugende Heizung ist auch im privaten Bereich eine interessante Option.<\/p>\n<p>Am Dienstag, 6. November 2012, l\u00e4dt GWV zu einem Vortrag \u00fcber \u201eRegenerative Energie aus biogenen Reststoffen\u201c in ihren Vortragsraum in der Rangstra\u00dfe 10 in Fulda ein. Ab 18:00 Uhr berichtet Andreas Bug, Gesch\u00e4ftsf\u00fchrer der Biothan GmbH, \u00fcber die Erzeugung von Bio-Erdgas ausschlie\u00dflich aus Abfallstoffen, die im Sommer des Jahres ihren Betrieb aufgenommen hat. Im n\u00e4chsten Jahr wird das GWV-Tochterunternehmen in der Anlage am Finkenberg bei Kleinl\u00fcder auch die Inhalte der Braunen Tonnen aus Stadt und Landkreis Fulda zu Bio-Erdgas verwerten.<\/p>\n<p>Ebenfalls ab 18:00 Uhr geht es am Montag, 12. November 2012, im GWV-Vortragsraum um Mikro-KWK und Brennstoffzelle. Unter dem Titel \u201eUnser Beitrag zur Energiewende\u201c stellt Dr. Jochen Arthkamp, Experte von der Arbeitsgemeinschaft f\u00fcr sparsamen und umweltfreundlichen Energieverbrauch e. V., Essen (ASUE), die Techniken vor, mit denen Energie gleichzeitig zur Erzeugung von Strom und W\u00e4rme genutzt werden kann. Der Ausbau dezentraler Kraft-W\u00e4rme-Kopplungs-Projekte gilt als entscheidend f\u00fcr das Gelingen der Energiewende in Deutschland.<\/p>\n","protected":false},"excerpt":{"rendered":"<div class=\"tmnf_excerpt\"><p>Fulda. Mit zwei aktuellen Vortr\u00e4gen und dem Energieberatungs-Angebot im Erdgas-Mobil beim Aktionstag am 3. November 2012 ist die Gas- und Wasserversorgung Fulda (GWV) bei den 19. Fuldaer Energiesparwochen dabei. Auf dem neu gestalteten Universit\u00e4tsplatz k\u00f6nnen Interessentinnen und Interessenten am Samstag, 3. November 2012, zwischen 10:00 und 16:00 Uhr im Erdgas-Mobil alles Wissenswerte rund um den &hellip;<\/p>\n<\/div>","protected":false},"author":1,"featured_media":0,"comment_status":"closed","ping_status":"closed","sticky":false,"template":"","format":"standard","meta":{"footnotes":""},"categories":[1,29],"tags":[],"class_list":["post-103470","post","type-post","status-publish","format-standard","hentry","category-startseite","category-politik"],"_links":{"self":[{"href":"https:\/\/www.fuldaernachrichten.de\/index.php?rest_route=\/wp\/v2\/posts\/103470","targetHints":{"allow":["GET"]}}],"collection":[{"href":"https:\/\/www.fuldaernachrichten.de\/index.php?rest_route=\/wp\/v2\/posts"}],"about":[{"href":"https:\/\/www.fuldaernachrichten.de\/index.php?rest_route=\/wp\/v2\/types\/post"}],"author":[{"embeddable":true,"href":"https:\/\/www.fuldaernachrichten.de\/index.php?rest_route=\/wp\/v2\/users\/1"}],"replies":[{"embeddable":true,"href":"https:\/\/www.fuldaernachrichten.de\/index.php?rest_route=%2Fwp%2Fv2%2Fcomments&post=103470"}],"version-history":[{"count":0,"href":"https:\/\/www.fuldaernachrichten.de\/index.php?rest_route=\/wp\/v2\/posts\/103470\/revisions"}],"wp:attachment":[{"href":"https:\/\/www.fuldaernachrichten.de\/index.php?rest_route=%2Fwp%2Fv2%2Fmedia&parent=103470"}],"wp:term":[{"taxonomy":"category","embeddable":true,"href":"https:\/\/www.fuldaernachrichten.de\/index.php?rest_route=%2Fwp%2Fv2%2Fcategories&post=103470"},{"taxonomy":"post_tag","embeddable":true,"href":"https:\/\/www.fuldaernachrichten.de\/index.php?rest_route=%2Fwp%2Fv2%2Ftags&post=103470"}],"curies":[{"name":"wp","href":"https:\/\/api.w.org\/{rel}","templated":true}]}}