{"id":103467,"date":"2012-11-01T00:11:30","date_gmt":"2012-11-01T00:11:30","guid":{"rendered":"http:\/\/www.fuldaer-nachrichten.de\/?p=103467"},"modified":"2012-11-01T08:56:14","modified_gmt":"2012-11-01T08:56:14","slug":"burgerbeteiligung-an-erneuerbare-energien-projekten-uwag-vortrag-im-rahmen-der-fuldaer-energiesparwochen","status":"publish","type":"post","link":"https:\/\/www.fuldaernachrichten.de\/?p=103467","title":{"rendered":"B\u00fcrgerbeteiligung an Erneuerbare-Energien-Projekten &#8211; \u00dcWAG-Vortrag im Rahmen der Fuldaer Energiesparwochen"},"content":{"rendered":"<p>Fulda. Im Rahmen der 19. Fuldaer Energiesparwochen referiert Dr. Marc Oeffner von der \u00dcWAG am Montag, 5. November 2012 um 18:00 Uhr im \u00dcWAG-Informationszentrum zum Thema: \u201eB\u00fcrgerbeteiligung an Erneuerbare-Energien-Projekten\u201c. Im Mittelpunkt des Referats stehen Ansatzpunkte, wie die \u00c2\u00a0Energiewende in der Region nachhaltig und gemeinschaftlich umgesetzt werden kann.<!--more--><\/p>\n<p>Oeffner berichtet in seinem Vortrag \u00fcber B\u00fcrgerbeteiligungsmodelle, die eine finanzielle, konzeptionelle und organisatorische Einbindung erm\u00f6glichen und dabei auch eine gesellschaftliche Akzeptanz erreichen. Im Rahmen der Energiewende soll bis 2050 der Anteil der Erneuerbaren auf 80 Prozent der Stromproduktion ansteigen. Dabei ist von einer Verlagerung der Energieerzeugung hin zu dezentralen Erzeugungseinheiten im l\u00e4ndlichen Raum auszugehen, bei dem B\u00fcrger aufgrund finanzieller Anreize an der Energieproduktion mitwirken k\u00f6nnen.<\/p>\n<p>Nach dem Vortrag l\u00e4dt die \u00dcWAG alle Interessenten bei einem Imbiss zum gemeinsamen Gedankenaustausch ein. Kostenlose Parkm\u00f6glichkeiten stehen direkt neben dem Informationszentrum am \u00dcWAG Kraftwerk Fulda zur Verf\u00fcgung. Der Eintritt zum Vortrag ist frei.<\/p>\n","protected":false},"excerpt":{"rendered":"<div class=\"tmnf_excerpt\"><p>Fulda. Im Rahmen der 19. Fuldaer Energiesparwochen referiert Dr. Marc Oeffner von der \u00dcWAG am Montag, 5. November 2012 um 18:00 Uhr im \u00dcWAG-Informationszentrum zum Thema: \u201eB\u00fcrgerbeteiligung an Erneuerbare-Energien-Projekten\u201c. Im Mittelpunkt des Referats stehen Ansatzpunkte, wie die \u00c2\u00a0Energiewende in der Region nachhaltig und gemeinschaftlich umgesetzt werden kann.<\/p>\n<\/div>","protected":false},"author":1,"featured_media":0,"comment_status":"closed","ping_status":"closed","sticky":false,"template":"","format":"standard","meta":{"footnotes":""},"categories":[1,29],"tags":[],"class_list":["post-103467","post","type-post","status-publish","format-standard","hentry","category-startseite","category-politik"],"_links":{"self":[{"href":"https:\/\/www.fuldaernachrichten.de\/index.php?rest_route=\/wp\/v2\/posts\/103467","targetHints":{"allow":["GET"]}}],"collection":[{"href":"https:\/\/www.fuldaernachrichten.de\/index.php?rest_route=\/wp\/v2\/posts"}],"about":[{"href":"https:\/\/www.fuldaernachrichten.de\/index.php?rest_route=\/wp\/v2\/types\/post"}],"author":[{"embeddable":true,"href":"https:\/\/www.fuldaernachrichten.de\/index.php?rest_route=\/wp\/v2\/users\/1"}],"replies":[{"embeddable":true,"href":"https:\/\/www.fuldaernachrichten.de\/index.php?rest_route=%2Fwp%2Fv2%2Fcomments&post=103467"}],"version-history":[{"count":0,"href":"https:\/\/www.fuldaernachrichten.de\/index.php?rest_route=\/wp\/v2\/posts\/103467\/revisions"}],"wp:attachment":[{"href":"https:\/\/www.fuldaernachrichten.de\/index.php?rest_route=%2Fwp%2Fv2%2Fmedia&parent=103467"}],"wp:term":[{"taxonomy":"category","embeddable":true,"href":"https:\/\/www.fuldaernachrichten.de\/index.php?rest_route=%2Fwp%2Fv2%2Fcategories&post=103467"},{"taxonomy":"post_tag","embeddable":true,"href":"https:\/\/www.fuldaernachrichten.de\/index.php?rest_route=%2Fwp%2Fv2%2Ftags&post=103467"}],"curies":[{"name":"wp","href":"https:\/\/api.w.org\/{rel}","templated":true}]}}