{"id":103464,"date":"2012-11-01T00:12:30","date_gmt":"2012-11-01T00:12:30","guid":{"rendered":"http:\/\/www.fuldaer-nachrichten.de\/?p=103464"},"modified":"2012-11-01T08:53:11","modified_gmt":"2012-11-01T08:53:11","slug":"von-wurde-gerechtigkeit-und-solidaritat-konzertlesung-mit-bischof-ramazzini-und-duo-porto-la-plata-2","status":"publish","type":"post","link":"https:\/\/www.fuldaernachrichten.de\/?p=103464","title":{"rendered":"Von W\u00fcrde, Gerechtigkeit und Solidarit\u00e4t &#8211; Konzertlesung mit Bischof Ramazzini und DUO Porto-La Plata"},"content":{"rendered":"<p>Fulda. Am Samstag, dem 3. November 2012 veranstaltet das Solidarit\u00e4tswerk der Katholischen Arbeitnehmer-Bewegung (KAB) Fulda e.V. eine Konzertlesung mit dem guatemaltekischen Bischof Alvaro Ramazzini und dem Duo Porto \u2013 La Plata unter dem Motto \u201eCanto del Mundo \u2013 von W\u00fcrde, Gerechtigkeit und Solidarit\u00e4t\u201c. Ebenso wird der ehemalige Hauptgesch\u00e4ftsf\u00fchrer und Vorstandsvorsitzende des bisch\u00f6flichen Hilfswerks Misereor dabei sein. Die Veranstaltung, zu der die Fuldaer Stadtbaur\u00e4tin Cornelia Zuschke die Schirmherrschaft \u00fcbernommen hat, beginnt um 19:00 Uhr im Marmorsaal des Stadtschlosses Fulda. Einlass ab 18:00 Uhr. Karten gibt es an der Abendkasse. N\u00e4here Informationen unter: <a href=\"http:\/\/www.kab-fulda.de\" target=\"_blank\">www.kab-fulda.de<\/a><!--more--><br \/>\n<strong>Hintergrund<\/strong><br \/>\nDas Solidarit\u00e4tswerk der KAB Fulda e.V. koordiniert die internationale Arbeit der KAB Fulda. Schwerpunkte der Entwicklungszusammenarbeit liegen in Uganda\/Ostafrika und Guatemala\/Zentralamerika. Bischof Alvaro Ramazzini, bis Juli 2012 Bischof der Di\u00f6zese San Marcos und nunmehr der Di\u00f6zese Huehuetenango und Pr\u00e4sident der Medienkommission der guatemaltekischen Bischofskonferenz unterst\u00fctzt aktiv die Arbeit der MTC (Movimiento Trabajadores Campesinos) Guatemala, Partnerverband der KAB in Guatemala. Die KAB und Misereor f\u00f6rdern die MTC unter anderem in einem Projekt gegen die sklaven\u00e4hnliche Ausbeutung von Landarbeitern im Kaffeeanbau. Auch werden zwei Bildungszentren sowie einige kleinere Projekte finanziell unterst\u00fctzt.<\/p>\n<p>Das Solidarit\u00e4tswerk der KAB Fulda handelt au\u00dferdem mit dem fair gehandelten und organisch angebauten Kaffee \u201eNueva Armonia\u201c. Mit diesem Projekt werden ca. 200 Landarbeiterfamilien unterst\u00fctzt. Sie erhalten f\u00fcr den von ihnen produzierten Kaffee einen fairen Preis nach den internationalen Standarts des Fairen Handels. Damit sollen ihre Lebensumst\u00e4nde nachhaltig verbessert werden. (Michael Schmitt)<\/p>\n","protected":false},"excerpt":{"rendered":"<div class=\"tmnf_excerpt\"><p>Fulda. Am Samstag, dem 3. November 2012 veranstaltet das Solidarit\u00e4tswerk der Katholischen Arbeitnehmer-Bewegung (KAB) Fulda e.V. eine Konzertlesung mit dem guatemaltekischen Bischof Alvaro Ramazzini und dem Duo Porto \u2013 La Plata unter dem Motto \u201eCanto del Mundo \u2013 von W\u00fcrde, Gerechtigkeit und Solidarit\u00e4t\u201c. Ebenso wird der ehemalige Hauptgesch\u00e4ftsf\u00fchrer und Vorstandsvorsitzende des bisch\u00f6flichen Hilfswerks Misereor dabei &hellip;<\/p>\n<\/div>","protected":false},"author":1,"featured_media":0,"comment_status":"closed","ping_status":"closed","sticky":false,"template":"","format":"standard","meta":{"footnotes":""},"categories":[1,50],"tags":[],"class_list":["post-103464","post","type-post","status-publish","format-standard","hentry","category-startseite","category-kirche"],"_links":{"self":[{"href":"https:\/\/www.fuldaernachrichten.de\/index.php?rest_route=\/wp\/v2\/posts\/103464","targetHints":{"allow":["GET"]}}],"collection":[{"href":"https:\/\/www.fuldaernachrichten.de\/index.php?rest_route=\/wp\/v2\/posts"}],"about":[{"href":"https:\/\/www.fuldaernachrichten.de\/index.php?rest_route=\/wp\/v2\/types\/post"}],"author":[{"embeddable":true,"href":"https:\/\/www.fuldaernachrichten.de\/index.php?rest_route=\/wp\/v2\/users\/1"}],"replies":[{"embeddable":true,"href":"https:\/\/www.fuldaernachrichten.de\/index.php?rest_route=%2Fwp%2Fv2%2Fcomments&post=103464"}],"version-history":[{"count":0,"href":"https:\/\/www.fuldaernachrichten.de\/index.php?rest_route=\/wp\/v2\/posts\/103464\/revisions"}],"wp:attachment":[{"href":"https:\/\/www.fuldaernachrichten.de\/index.php?rest_route=%2Fwp%2Fv2%2Fmedia&parent=103464"}],"wp:term":[{"taxonomy":"category","embeddable":true,"href":"https:\/\/www.fuldaernachrichten.de\/index.php?rest_route=%2Fwp%2Fv2%2Fcategories&post=103464"},{"taxonomy":"post_tag","embeddable":true,"href":"https:\/\/www.fuldaernachrichten.de\/index.php?rest_route=%2Fwp%2Fv2%2Ftags&post=103464"}],"curies":[{"name":"wp","href":"https:\/\/api.w.org\/{rel}","templated":true}]}}