{"id":103369,"date":"2012-10-29T00:12:02","date_gmt":"2012-10-29T00:12:02","guid":{"rendered":"http:\/\/www.fuldaer-nachrichten.de\/?p=103369"},"modified":"2012-10-29T07:39:00","modified_gmt":"2012-10-29T07:39:00","slug":"sebastian-rieger-ist-neuer-professor-fur-multimediale-kommunikationsnetze","status":"publish","type":"post","link":"https:\/\/www.fuldaernachrichten.de\/?p=103369","title":{"rendered":"Sebastian Rieger ist neuer Professor f\u00fcr Multimediale Kommunikationsnetze"},"content":{"rendered":"<p><strong><img decoding=\"async\" class=\"alignleft size-thumbnail wp-image-103370\" title=\"AI-neuer-Prof-Rieger\" src=\"http:\/\/www.fuldaer-nachrichten.de\/wp-content\/uploads\/2012\/10\/AI-neuer-Prof-Rieger-265x176.jpg\" alt=\"\" width=\"265\" height=\"176\" srcset=\"https:\/\/www.fuldaernachrichten.de\/wp-content\/uploads\/2012\/10\/AI-neuer-Prof-Rieger-265x176.jpg 265w, https:\/\/www.fuldaernachrichten.de\/wp-content\/uploads\/2012\/10\/AI-neuer-Prof-Rieger.jpg 592w\" sizes=\"(max-width: 265px) 100vw, 265px\" \/>Fulda <\/strong>Seit diesem Wintersemester hat am Fachbereich Angewandte Informatik Prof. Dr. Sebastian Rieger (34) seine T\u00e4tigkeit als Professor im Fachgebiet Multimediale Kommunikationsnetze aufgenommen. Rieger kennt die Hochschule Fulda schon l\u00e4nger. Von 1998 bis 2003 studierte er hier Angewandte Informatik. Anschlie\u00dfend promovierte er an der Georg-August-Universit\u00e4t G\u00f6ttingen am Institut f\u00fcr Wirtschaftsinformatik. Er \u00fcbernahm Lehrveranstaltungen an der Universit\u00e4t G\u00f6ttingen, der Hochschule f\u00fcr angewandte Wissenschaft und Kunst Hildesheim\/Holzminden\/G\u00f6ttingen, dem Karlsruher Institut f\u00fcr Technologie (KIT) sowie der Hochschule Karlsruhe. Auch an seiner ehemaligen Hochschule in Fulda war er schon bald gelegentlich als Lehrbeauftragter t\u00e4tig.<!--more--><\/p>\n<p>Seit\u00c2\u00a0 2011 arbeitete Sebastian Rieger zun\u00e4chst als wissenschaftlicher Assistent und zuletzt als Abteilungsleiter am Steinbuch Centre for Computing (SCC) des Karlsruher Instituts f\u00fcr Technologie (KIT). Von diesem Karlsruher Institut aus hielt das Internet vor ca. 25 Jahren seinen Einzug in Deutschland.<\/p>\n","protected":false},"excerpt":{"rendered":"<div class=\"tmnf_excerpt\"><p>Fulda Seit diesem Wintersemester hat am Fachbereich Angewandte Informatik Prof. Dr. Sebastian Rieger (34) seine T\u00e4tigkeit als Professor im Fachgebiet Multimediale Kommunikationsnetze aufgenommen. Rieger kennt die Hochschule Fulda schon l\u00e4nger. Von 1998 bis 2003 studierte er hier Angewandte Informatik. Anschlie\u00dfend promovierte er an der Georg-August-Universit\u00e4t G\u00f6ttingen am Institut f\u00fcr Wirtschaftsinformatik. Er \u00fcbernahm Lehrveranstaltungen an der &hellip;<\/p>\n<\/div>","protected":false},"author":1,"featured_media":0,"comment_status":"closed","ping_status":"closed","sticky":false,"template":"","format":"standard","meta":{"footnotes":""},"categories":[1,48],"tags":[],"class_list":["post-103369","post","type-post","status-publish","format-standard","hentry","category-startseite","category-forschung"],"_links":{"self":[{"href":"https:\/\/www.fuldaernachrichten.de\/index.php?rest_route=\/wp\/v2\/posts\/103369","targetHints":{"allow":["GET"]}}],"collection":[{"href":"https:\/\/www.fuldaernachrichten.de\/index.php?rest_route=\/wp\/v2\/posts"}],"about":[{"href":"https:\/\/www.fuldaernachrichten.de\/index.php?rest_route=\/wp\/v2\/types\/post"}],"author":[{"embeddable":true,"href":"https:\/\/www.fuldaernachrichten.de\/index.php?rest_route=\/wp\/v2\/users\/1"}],"replies":[{"embeddable":true,"href":"https:\/\/www.fuldaernachrichten.de\/index.php?rest_route=%2Fwp%2Fv2%2Fcomments&post=103369"}],"version-history":[{"count":1,"href":"https:\/\/www.fuldaernachrichten.de\/index.php?rest_route=\/wp\/v2\/posts\/103369\/revisions"}],"predecessor-version":[{"id":103371,"href":"https:\/\/www.fuldaernachrichten.de\/index.php?rest_route=\/wp\/v2\/posts\/103369\/revisions\/103371"}],"wp:attachment":[{"href":"https:\/\/www.fuldaernachrichten.de\/index.php?rest_route=%2Fwp%2Fv2%2Fmedia&parent=103369"}],"wp:term":[{"taxonomy":"category","embeddable":true,"href":"https:\/\/www.fuldaernachrichten.de\/index.php?rest_route=%2Fwp%2Fv2%2Fcategories&post=103369"},{"taxonomy":"post_tag","embeddable":true,"href":"https:\/\/www.fuldaernachrichten.de\/index.php?rest_route=%2Fwp%2Fv2%2Ftags&post=103369"}],"curies":[{"name":"wp","href":"https:\/\/api.w.org\/{rel}","templated":true}]}}