{"id":10328,"date":"2008-07-02T03:20:39","date_gmt":"2008-07-02T01:20:39","guid":{"rendered":"http:\/\/www.schoene-nachrichten.de\/?p=10328"},"modified":"2008-07-06T09:17:30","modified_gmt":"2008-07-06T07:17:30","slug":"zuerst-topzeiten-dann-technischer-defekt-fuer-thurnherrkaiser","status":"publish","type":"post","link":"https:\/\/www.fuldaernachrichten.de\/?p=10328","title":{"rendered":"Zuerst Topzeiten, dann technischer Defekt f\u00fcr Thurnherr\/Kaiser"},"content":{"rendered":"<p><strong>Motorsport.<\/strong> Am vergangenen Wochenende\u00c2\u00a0gingen Iris Thurnherr und\u00c2\u00a0Christina Kaiser in Geislingen an der Steige bei der Rallye Baden W\u00fcrttemberg an den Start. Der Leistungsfehler am Auto wurde behoben und die Damen waren voller Hoffnungen. Am Freitagabend stand eine Testwertungspr\u00fcfung an, bei dem Iris Freunden und Verwandten das Rallyefeeling n\u00e4her brachte.\u00c2\u00a0Iris frontal einen Wasserhydranten &#8211; der Shake-Down war f\u00fcr die sympathische Schweizerin vorzeitig beendet und die Servicemechaniker hatten jede Menge Arbeit den K\u00fchler und s\u00e4mtliche Beulen wieder in Ordnung zu bringen.<\/p>\n<p><strong>Fotos (6):<\/strong> Team Thurnherr \/ Kaiser<\/p>\n<p><a title=\"Foto: Team Thurnherr \/ Kaiser\" rel=\"lightbox[roadtrip]\" href=\"http:\/\/www.schoene-nachrichten.de\/wp-content\/uploads\/2008\/Marco\/080702_rallye_02.jpg\" target=\"_blank\"><img decoding=\"async\" src=\"http:\/\/www.schoene-nachrichten.de\/wp-content\/uploads\/2008\/Marco\/080702_rallye_02.thumbnail.jpg\" alt=\"Foto: Team Thurnherr \/ Kaiser\" width=\"128\" \/><\/a>\u00c2\u00a0<a title=\"Foto: Team Thurnherr \/ Kaiser\" rel=\"lightbox[roadtrip]\" href=\"http:\/\/www.schoene-nachrichten.de\/wp-content\/uploads\/2008\/Marco\/080702_rallye_01.jpg\" target=\"_blank\"><img decoding=\"async\" src=\"http:\/\/www.schoene-nachrichten.de\/wp-content\/uploads\/2008\/Marco\/080702_rallye_01.thumbnail.jpg\" alt=\"Foto: Team Thurnherr \/ Kaiser\" width=\"128\" \/><\/a> <a title=\"Foto: Team Thurnherr \/ Kaiser\" rel=\"lightbox[roadtrip]\" href=\"http:\/\/www.schoene-nachrichten.de\/wp-content\/uploads\/2008\/Marco\/080702_rallye_03.jpg\" target=\"_blank\"><img decoding=\"async\" src=\"http:\/\/www.schoene-nachrichten.de\/wp-content\/uploads\/2008\/Marco\/080702_rallye_03.thumbnail.jpg\" alt=\"Foto: Team Thurnherr \/ Kaiser\" width=\"128\" \/><\/a><\/p>\n<p><a title=\"Foto: Team Thurnherr \/ Kaiser\" rel=\"lightbox[roadtrip]\" href=\"http:\/\/www.schoene-nachrichten.de\/wp-content\/uploads\/2008\/Marco\/080702_rallye_04.jpg\" target=\"_blank\"><img decoding=\"async\" src=\"http:\/\/www.schoene-nachrichten.de\/wp-content\/uploads\/2008\/Marco\/080702_rallye_04.thumbnail.jpg\" alt=\"Foto: Team Thurnherr \/ Kaiser\" width=\"128\" \/><\/a> <a title=\"Foto: Team Thurnherr \/ Kaiser\" rel=\"lightbox[roadtrip]\" href=\"http:\/\/www.schoene-nachrichten.de\/wp-content\/uploads\/2008\/Marco\/080702_rallye_05.jpg\" target=\"_blank\"><img decoding=\"async\" src=\"http:\/\/www.schoene-nachrichten.de\/wp-content\/uploads\/2008\/Marco\/080702_rallye_05.thumbnail.jpg\" alt=\"Foto: Team Thurnherr \/ Kaiser\" width=\"128\" \/><\/a> <a title=\"Foto: Team Thurnherr \/ Kaiser\" rel=\"lightbox[roadtrip]\" href=\"http:\/\/www.schoene-nachrichten.de\/wp-content\/uploads\/2008\/Marco\/080702_rallye_06.jpg\" target=\"_blank\"><img decoding=\"async\" src=\"http:\/\/www.schoene-nachrichten.de\/wp-content\/uploads\/2008\/Marco\/080702_rallye_06.thumbnail.jpg\" alt=\"Foto: Team Thurnherr \/ Kaiser\" width=\"128\" \/><\/a><!--more--><\/p>\n<p>Iris&#8217; Kommentar: &#8220;Der sprang mir einfach in den Weg, aber f\u00fcr morgen kann es ja jetzt nur noch besser werden.&#8221; Am Samstag um 9:34 Uhr wurde es\u00c2\u00a0f\u00fcr Iris und Christina ernst, denn\u00c2\u00a0sie starteten\u00c2\u00a0in Geislingen an der Steige. Die\u00c2\u00a0erste Wertungspr\u00fcfung, auf der Iris normalerweise immer etwas verhaltener unterwegs ist, konnte grandios gemeistert werden. Mit einer super Zeit kamen Sie ins Ziel, wodurch eine Top 3 Platzierung in Frage kam. Das neu \u00fcberholte Auto und ihr Ehrgeiz machten sich auch auf Wertungspr\u00fcfung 2 bemerkbar. Den Blick nach vorne gerichtet und positiv eingestimmt, k\u00e4mpften sie weiter.\u00c2\u00a0Auf dem 16 Kilometer\u00c2\u00a0langen Schotterrundkurs wurden die beiden M\u00e4dels \u00fcber\u00c2\u00a0eineinhalb Runden aufgehalten und verloren wertvolle Zeit auf den Spitzenplatz,\u00c2\u00a0jedoch war noch nichts vorbei und\u00c2\u00a0alles drin.<\/p>\n<p>Wertungspr\u00fcfung 4 stand\u00c2\u00a0an. Hier hie\u00df es: &#8220;Aufholen, was geht!&#8221; Doch\u00c2\u00a0erneut wurde\u00c2\u00a0dem Damenteam\u00c2\u00a0ein langsameres Fahrzeug in der Runde zum Verh\u00e4ngnis. Auf Wertungspr\u00fcfung 6 konnten sie mit der\u00c2\u00a0zweitbesten Zeit im Cup gl\u00e4nzen, was eine unheimliche Motivation hervor gerufen hatte.\u00c2\u00a0Der Schotterrundkurs stand zum\u00c2\u00a0zweiten Mal an. Sie bangten diesmal, nicht aufgehalten zu werden. Die erste Runde lief perfekt und auch\u00c2\u00a0in der zweiten Runde war niemand in Sichtweite.<\/p>\n<p>Bei der Einfahrt in die letzte Runde auf WP 7 (von 8 WP) riss pl\u00f6tzlich die Antriebswelle ab, was die Folge hatte, dass sie das Rennen vorzeitig aufgrund eines technischen Defekts beenden mussten. Was sie k\u00f6nnen, haben sie\u00c2\u00a0gezeigt.\u00c2\u00a0Nun hei\u00dft es\u00c2\u00a0&#8220;<strong>Daumen dr\u00fccken f\u00fcr die AvD Rallye Franken am 23. August 2008 in Ebern<\/strong>&#8220;. Schon am Freitagabend, werden Iris und Christina vor Ort sein. F\u00fcr einen kurzen Plausch mit Fans und verteilen von Autogrammen, finden sie sicherlich auch f\u00fcr Sie etwas Zeit.\u00c2\u00a0<\/p>\n<p>Ganz\u00c2\u00a0nebenbei:\u00c2\u00a0Iris und Christina suchen noch Sponsoren! Bei Interesse finden Sie weitere Informationen und Kontaktdaten auf <a href=\"http:\/\/www.iris-thurnherr.ch\">www.iris-thurnherr.ch<\/a>.<\/p>\n","protected":false},"excerpt":{"rendered":"<div class=\"tmnf_excerpt\"><p>Motorsport. Am vergangenen Wochenende\u00c2\u00a0gingen Iris Thurnherr und\u00c2\u00a0Christina Kaiser in Geislingen an der Steige bei der Rallye Baden W\u00fcrttemberg an den Start. Der Leistungsfehler am Auto wurde behoben und die Damen waren voller Hoffnungen. Am Freitagabend stand eine Testwertungspr\u00fcfung an, bei dem Iris Freunden und Verwandten das Rallyefeeling n\u00e4her brachte.\u00c2\u00a0Iris frontal einen Wasserhydranten &#8211; der Shake-Down &hellip;<\/p>\n<\/div>","protected":false},"author":1,"featured_media":0,"comment_status":"closed","ping_status":"closed","sticky":false,"template":"","format":"standard","meta":{"footnotes":""},"categories":[1,35,72,46],"tags":[],"class_list":["post-10328","post","type-post","status-publish","format-standard","hentry","category-startseite","category-auto","category-jugend","category-sport"],"_links":{"self":[{"href":"https:\/\/www.fuldaernachrichten.de\/index.php?rest_route=\/wp\/v2\/posts\/10328","targetHints":{"allow":["GET"]}}],"collection":[{"href":"https:\/\/www.fuldaernachrichten.de\/index.php?rest_route=\/wp\/v2\/posts"}],"about":[{"href":"https:\/\/www.fuldaernachrichten.de\/index.php?rest_route=\/wp\/v2\/types\/post"}],"author":[{"embeddable":true,"href":"https:\/\/www.fuldaernachrichten.de\/index.php?rest_route=\/wp\/v2\/users\/1"}],"replies":[{"embeddable":true,"href":"https:\/\/www.fuldaernachrichten.de\/index.php?rest_route=%2Fwp%2Fv2%2Fcomments&post=10328"}],"version-history":[{"count":0,"href":"https:\/\/www.fuldaernachrichten.de\/index.php?rest_route=\/wp\/v2\/posts\/10328\/revisions"}],"wp:attachment":[{"href":"https:\/\/www.fuldaernachrichten.de\/index.php?rest_route=%2Fwp%2Fv2%2Fmedia&parent=10328"}],"wp:term":[{"taxonomy":"category","embeddable":true,"href":"https:\/\/www.fuldaernachrichten.de\/index.php?rest_route=%2Fwp%2Fv2%2Fcategories&post=10328"},{"taxonomy":"post_tag","embeddable":true,"href":"https:\/\/www.fuldaernachrichten.de\/index.php?rest_route=%2Fwp%2Fv2%2Ftags&post=10328"}],"curies":[{"name":"wp","href":"https:\/\/api.w.org\/{rel}","templated":true}]}}