{"id":103198,"date":"2012-10-23T00:13:41","date_gmt":"2012-10-23T00:13:41","guid":{"rendered":"http:\/\/www.fuldaer-nachrichten.de\/?p=103198"},"modified":"2012-10-23T07:18:29","modified_gmt":"2012-10-23T07:18:29","slug":"hochste-auszeichnung-der-jugendfeuerwehr-fur-50-jugendlichen-aus-ganz-hessen-verliehen","status":"publish","type":"post","link":"https:\/\/www.fuldaernachrichten.de\/?p=103198","title":{"rendered":"H\u00f6chste Auszeichnung der Jugendfeuerwehr f\u00fcr 50 Jugendlichen aus ganz Hessen verliehen"},"content":{"rendered":"<p><img fetchpriority=\"high\" decoding=\"async\" class=\"alignleft size-thumbnail wp-image-103199\" title=\"Bild1\" src=\"http:\/\/www.fuldaer-nachrichten.de\/wp-content\/uploads\/2012\/10\/Bild11-265x198.jpg\" alt=\"\" width=\"265\" height=\"198\" srcset=\"https:\/\/www.fuldaernachrichten.de\/wp-content\/uploads\/2012\/10\/Bild11-265x198.jpg 265w, https:\/\/www.fuldaernachrichten.de\/wp-content\/uploads\/2012\/10\/Bild11.jpg 600w\" sizes=\"(max-width: 265px) 100vw, 265px\" \/>Alsfeld (sp).\u00c2\u00a0 50 Mal konnte am Sonntag auf dem Nachtermin der Hessischen Jugendfeuerwehr das h\u00f6chste Leistungsabzeichen der Deutschen Jugendfeuerwehr in Alsfeld verliehen werden. 47 Jungen und 11 M\u00e4dchen stellten sich erfolgreich den f\u00fcnf Aufgaben der Abnahmepr\u00fcfung. Die f\u00fcnf Aufgaben gliederten sich in eine Schnelligkeits\u00fcbung, einen Staffellauf, einen L\u00f6schangriff, Kugelsto\u00dfen und feuerwehrtechnische Fragen.<!--more--><\/p>\n<p>Bei der Schnelligkeits\u00fcbung mussten die Jugendlichen innerhalb von 75 Sekunden eine \u00fcber 150 Meter lange Schlauchleitung auslegen. Eine Strecke von mindestens 55 Metern mussten die Jugendfeuerwehren mit einigen Kilogramm schweren Kugeln bei dem Kugelsto\u00dfen in der Gruppe meistern. Bei dem L\u00f6schangriff galt es nach Feuerwehrdienstvorschrift zu handeln, w\u00e4hrend genau 1500 Meter bei dem Staffellauf bew\u00e4ltigt werden mussten. Die feuerwehrtechnischen Fragen forderten nicht nur das Fachwissen \u00fcber L\u00f6schmittel, L\u00f6schverfahren und Ger\u00e4te, sondern auch \u00fcber Jugendpolitik und Unfallverh\u00fctung.<\/p>\n<p><img decoding=\"async\" class=\"alignnone size-thumbnail wp-image-103202\" title=\"Bild4\" src=\"http:\/\/www.fuldaer-nachrichten.de\/wp-content\/uploads\/2012\/10\/Bild4-265x198.jpg\" alt=\"\" width=\"265\" height=\"198\" srcset=\"https:\/\/www.fuldaernachrichten.de\/wp-content\/uploads\/2012\/10\/Bild4-265x198.jpg 265w, https:\/\/www.fuldaernachrichten.de\/wp-content\/uploads\/2012\/10\/Bild4.jpg 600w\" sizes=\"(max-width: 265px) 100vw, 265px\" \/> <img decoding=\"async\" class=\"alignnone size-thumbnail wp-image-103201\" title=\"Bild3\" src=\"http:\/\/www.fuldaer-nachrichten.de\/wp-content\/uploads\/2012\/10\/Bild3-265x198.jpg\" alt=\"\" width=\"265\" height=\"198\" srcset=\"https:\/\/www.fuldaernachrichten.de\/wp-content\/uploads\/2012\/10\/Bild3-265x198.jpg 265w, https:\/\/www.fuldaernachrichten.de\/wp-content\/uploads\/2012\/10\/Bild3.jpg 600w\" sizes=\"(max-width: 265px) 100vw, 265px\" \/><\/p>\n<p>Rund vier Stunden wurden die acht Jugendfeuerwehren aus dem Vogelsbergkreis, Lahn-Dill-Kreis, Frankfurt und Hochtaunuskreis in den f\u00fcnf Aufgaben von Wertungsrichtern gepr\u00fcft. Die beiden Abnahmeberechtigten der Leistungsspange Volker Schulz aus Langenselbold und Winfried Kramer aus Naumburg best\u00e4tigten allen M\u00e4dchen und Jungen die k\u00f6rperlichen und geistigen Anforderungen f\u00fcr das Leistungsabzeichen.<\/p>\n<p><img loading=\"lazy\" decoding=\"async\" class=\"alignleft size-thumbnail wp-image-103200\" title=\"Bild2\" src=\"http:\/\/www.fuldaer-nachrichten.de\/wp-content\/uploads\/2012\/10\/Bild2-265x198.jpg\" alt=\"\" width=\"265\" height=\"198\" srcset=\"https:\/\/www.fuldaernachrichten.de\/wp-content\/uploads\/2012\/10\/Bild2-265x198.jpg 265w, https:\/\/www.fuldaernachrichten.de\/wp-content\/uploads\/2012\/10\/Bild2.jpg 600w\" sizes=\"(max-width: 265px) 100vw, 265px\" \/>Die Verleihung der 50 Leistungsspangen wurde durch den B\u00fcrgermeister der Stadt Alsfeld Ralf Becker und dem ersten Kreisbeigeordneten Peter Zielinski, Kreisjugendfeuerwehrwart Stefan Preu\u00df, Leistungsspangenfachbereichsleiter Gerald Morneweg und die Abnahmeberechtigten Volker Schulz und Winfried Kramer vorgenommen.<\/p>\n","protected":false},"excerpt":{"rendered":"<div class=\"tmnf_excerpt\"><p>Alsfeld (sp).\u00c2\u00a0 50 Mal konnte am Sonntag auf dem Nachtermin der Hessischen Jugendfeuerwehr das h\u00f6chste Leistungsabzeichen der Deutschen Jugendfeuerwehr in Alsfeld verliehen werden. 47 Jungen und 11 M\u00e4dchen stellten sich erfolgreich den f\u00fcnf Aufgaben der Abnahmepr\u00fcfung. Die f\u00fcnf Aufgaben gliederten sich in eine Schnelligkeits\u00fcbung, einen Staffellauf, einen L\u00f6schangriff, Kugelsto\u00dfen und feuerwehrtechnische Fragen.<\/p>\n<\/div>","protected":false},"author":1,"featured_media":0,"comment_status":"closed","ping_status":"closed","sticky":false,"template":"","format":"standard","meta":{"footnotes":""},"categories":[1,71],"tags":[],"class_list":["post-103198","post","type-post","status-publish","format-standard","hentry","category-startseite","category-feuerwehr"],"_links":{"self":[{"href":"https:\/\/www.fuldaernachrichten.de\/index.php?rest_route=\/wp\/v2\/posts\/103198","targetHints":{"allow":["GET"]}}],"collection":[{"href":"https:\/\/www.fuldaernachrichten.de\/index.php?rest_route=\/wp\/v2\/posts"}],"about":[{"href":"https:\/\/www.fuldaernachrichten.de\/index.php?rest_route=\/wp\/v2\/types\/post"}],"author":[{"embeddable":true,"href":"https:\/\/www.fuldaernachrichten.de\/index.php?rest_route=\/wp\/v2\/users\/1"}],"replies":[{"embeddable":true,"href":"https:\/\/www.fuldaernachrichten.de\/index.php?rest_route=%2Fwp%2Fv2%2Fcomments&post=103198"}],"version-history":[{"count":0,"href":"https:\/\/www.fuldaernachrichten.de\/index.php?rest_route=\/wp\/v2\/posts\/103198\/revisions"}],"wp:attachment":[{"href":"https:\/\/www.fuldaernachrichten.de\/index.php?rest_route=%2Fwp%2Fv2%2Fmedia&parent=103198"}],"wp:term":[{"taxonomy":"category","embeddable":true,"href":"https:\/\/www.fuldaernachrichten.de\/index.php?rest_route=%2Fwp%2Fv2%2Fcategories&post=103198"},{"taxonomy":"post_tag","embeddable":true,"href":"https:\/\/www.fuldaernachrichten.de\/index.php?rest_route=%2Fwp%2Fv2%2Ftags&post=103198"}],"curies":[{"name":"wp","href":"https:\/\/api.w.org\/{rel}","templated":true}]}}