{"id":102631,"date":"2012-10-03T00:12:51","date_gmt":"2012-10-03T00:12:51","guid":{"rendered":"http:\/\/www.fuldaer-nachrichten.de\/?p=102631"},"modified":"2012-10-03T08:29:49","modified_gmt":"2012-10-03T08:29:49","slug":"dr-carmen-dorrance-ist-neue-professorin-im-fachbereich-sozialwesen","status":"publish","type":"post","link":"https:\/\/www.fuldaernachrichten.de\/?p=102631","title":{"rendered":"Dr. Carmen Dorrance ist neue Professorin im Fachbereich Sozialwesen"},"content":{"rendered":"<p><strong><\/strong><img fetchpriority=\"high\" decoding=\"async\" class=\"alignleft size-thumbnail wp-image-102632\" title=\"neue prof sw-dorrance\" src=\"http:\/\/www.fuldaer-nachrichten.de\/wp-content\/uploads\/2012\/10\/neue-prof-sw-dorrance-265x313.jpg\" alt=\"\" width=\"265\" height=\"313\" srcset=\"https:\/\/www.fuldaernachrichten.de\/wp-content\/uploads\/2012\/10\/neue-prof-sw-dorrance-265x313.jpg 265w, https:\/\/www.fuldaernachrichten.de\/wp-content\/uploads\/2012\/10\/neue-prof-sw-dorrance.jpg 490w\" sizes=\"(max-width: 265px) 100vw, 265px\" \/>Fulda. Zum Wintersemester wurde Dr. Carmen Dorrance (48) am Fachbereich Sozialwesen als Professorin f\u00fcr Integrations-\/ Inklusionsp\u00e4dagogik berufen. Nach langj\u00e4hriger Grundschullehrerinnent\u00e4tigkeit in M\u00fcnchen promovierte die in Pirmasens geborene Carmen Dorrance 2010 in Halle \u00fcber Elternerfahrungen mit Integration im \u00dcbergang von Kindergarten zur Schule. Die Voraussetzungen von Chancengleichheit und Bildungsgerechtigkeit sowie die Praxis einer \u201eP\u00e4dagogik der Vielfalt\u201c stehen im Mittelpunkt ihrer Lehr- und Forschungsaktivit\u00e4ten. Zuletzt war sie als wissenschaftliche Mitarbeiterin an der Katholischen Universit\u00e4t Eichst\u00e4tt-Ingolstadt am Lehrstuhl f\u00fcr Schulp\u00e4dagogik t\u00e4tig. Carmen Dorrance ist Mitherausgeberin von \u201einklusion-online (Zeitschrift f\u00fcr Inklusion)\u201c und engagiert sich f\u00fcr eine inklusionsorientierte Organisationsentwicklung von Kinderg\u00e4rten, Schulen und Einrichtungen der Kinder- und Jugendarbeit. Besonders am Herzen liegt ihr die Entwicklung einer praxisnahen und inklusiv orientierten Hochschuldidaktik, die die Vielfalt der Studierenden wertsch\u00e4tzt und deren individuelle Ressourcen und Bedarfslagen ber\u00fccksichtigt.<\/p>\n","protected":false},"excerpt":{"rendered":"<div class=\"tmnf_excerpt\"><p>Fulda. Zum Wintersemester wurde Dr. Carmen Dorrance (48) am Fachbereich Sozialwesen als Professorin f\u00fcr Integrations-\/ Inklusionsp\u00e4dagogik berufen. Nach langj\u00e4hriger Grundschullehrerinnent\u00e4tigkeit in M\u00fcnchen promovierte die in Pirmasens geborene Carmen Dorrance 2010 in Halle \u00fcber Elternerfahrungen mit Integration im \u00dcbergang von Kindergarten zur Schule. Die Voraussetzungen von Chancengleichheit und Bildungsgerechtigkeit sowie die Praxis einer \u201eP\u00e4dagogik der Vielfalt\u201c &hellip;<\/p>\n<\/div>","protected":false},"author":1,"featured_media":0,"comment_status":"closed","ping_status":"closed","sticky":false,"template":"","format":"standard","meta":{"footnotes":""},"categories":[1,53,48],"tags":[],"class_list":["post-102631","post","type-post","status-publish","format-standard","hentry","category-startseite","category-bildung","category-forschung"],"_links":{"self":[{"href":"https:\/\/www.fuldaernachrichten.de\/index.php?rest_route=\/wp\/v2\/posts\/102631","targetHints":{"allow":["GET"]}}],"collection":[{"href":"https:\/\/www.fuldaernachrichten.de\/index.php?rest_route=\/wp\/v2\/posts"}],"about":[{"href":"https:\/\/www.fuldaernachrichten.de\/index.php?rest_route=\/wp\/v2\/types\/post"}],"author":[{"embeddable":true,"href":"https:\/\/www.fuldaernachrichten.de\/index.php?rest_route=\/wp\/v2\/users\/1"}],"replies":[{"embeddable":true,"href":"https:\/\/www.fuldaernachrichten.de\/index.php?rest_route=%2Fwp%2Fv2%2Fcomments&post=102631"}],"version-history":[{"count":0,"href":"https:\/\/www.fuldaernachrichten.de\/index.php?rest_route=\/wp\/v2\/posts\/102631\/revisions"}],"wp:attachment":[{"href":"https:\/\/www.fuldaernachrichten.de\/index.php?rest_route=%2Fwp%2Fv2%2Fmedia&parent=102631"}],"wp:term":[{"taxonomy":"category","embeddable":true,"href":"https:\/\/www.fuldaernachrichten.de\/index.php?rest_route=%2Fwp%2Fv2%2Fcategories&post=102631"},{"taxonomy":"post_tag","embeddable":true,"href":"https:\/\/www.fuldaernachrichten.de\/index.php?rest_route=%2Fwp%2Fv2%2Ftags&post=102631"}],"curies":[{"name":"wp","href":"https:\/\/api.w.org\/{rel}","templated":true}]}}