{"id":102441,"date":"2012-10-01T07:46:19","date_gmt":"2012-10-01T07:46:19","guid":{"rendered":"http:\/\/www.fuldaer-nachrichten.de\/?p=102441"},"modified":"2012-10-01T07:46:52","modified_gmt":"2012-10-01T07:46:52","slug":"leistungsspangenabnahme-der-kreisjugendfeuerwehr-fulda-in-der-stadt-fulda","status":"publish","type":"post","link":"https:\/\/www.fuldaernachrichten.de\/?p=102441","title":{"rendered":"Leistungsspangenabnahme der Kreisjugendfeuerwehr Fulda in der Stadt Fulda"},"content":{"rendered":"<p><img decoding=\"async\" class=\"alignleft size-thumbnail wp-image-102453\" title=\"DSC_0365\" src=\"http:\/\/www.fuldaer-nachrichten.de\/wp-content\/uploads\/2012\/10\/DSC_0365-265x175.jpg\" alt=\"\" width=\"265\" height=\"175\" srcset=\"https:\/\/www.fuldaernachrichten.de\/wp-content\/uploads\/2012\/10\/DSC_0365-265x175.jpg 265w, https:\/\/www.fuldaernachrichten.de\/wp-content\/uploads\/2012\/10\/DSC_0365.jpg 600w\" sizes=\"(max-width: 265px) 100vw, 265px\" \/>Fulda. Bei herrlichem Sonnenschein und sommerlichen Temperaturen fand am 16. September 2012 der die Leistungsspangenabnahme\u00c2\u00a0 der Deutschen Jugendfeuerwehr im Fuldaer Stadion in der Johannisaue statt. 19 Gruppen aus dem gesamten Landkreis Fulda stellten sich dem Wettbewerb um die h\u00f6chste Auszeichnung der Jugendfeuerwehr. Zur Er\u00f6ffnung des Wettbewerbes waren neben den Jugendlichen auch Vertreter verschiedener Feuerwehren gekommen. Kreisjugendfeuerwehrwart Michael Knoth f\u00fchrte die Begr\u00fc\u00dfung durch und w\u00fcnschte den Teilnehmern viel Spa\u00df und Erfolg f\u00fcr die anstehenden Pr\u00fcfungen. Knoth, wie auch Fuldas Stadtjugendfeuerwehrwart Marco Taschner und der Leiter der Feuerwehr Fulda Thomas Hinz stellten in ihren Gru\u00dfworten die Wichtigkeit der Nachwuchswerbung heraus. <!--more--><\/p>\n<p>Nach den Worten von Thomas Hinz sei es gerade in gro\u00dfen Kommunen wie Fulda aufgrund des gro\u00dfen Freizeitangebots f\u00fcr Jugendliche schwierig, ausreichend Nachwuchskr\u00e4fte f\u00fcr die Arbeit in den Feuerwehren zu gewinnen. Der Erwerb der Leistungsspange ist an bestimmte Voraussetzungen gebunden. So m\u00fcssen die Jugendlichen mindestens 15 Jahre alt und ein Jahr Mitglied der Jugendfeuerwehr sein um die Verleihungskriterien zu erf\u00fcllen. Der Wettkampf zum Erwerb der Leistungsspange umfasst verschiedene Disziplinen, diese wurden alle durch Wertungsrichter der Kreisjugendfeuerwehr Fulda bewertet.<\/p>\n<p>Bei der \u00dcbung nach Feuerwehrdienstvorschrift 3 f\u00fchren die neun Mitglieder der Gruppe einen L\u00f6schangriff vor, bei dem eine Wasserversorgung aus einem offenen Gew\u00e4sser aufgebaut und drei C-Rohre vorgenommen werden m\u00fcssen. Die Schnelligkeits\u00fcbung beinhaltet das Verlegen von neun C-Schl\u00e4uchen \u00e1 15 Meter in m\u00f6glichst kurzer Zeit. Beim Kugelsto\u00dfen muss von den neun Jugendlichen eine Gesamtwurfweite von 55 Metern erreicht werden. Ebenso wie beim 1500 m-Staffellauf besteht hier die M\u00f6glichkeit, dass die Leistung von schw\u00e4cheren oder langsameren Jugendlichen, durch h\u00f6here Leistungen anderer Team-Mitglieder ausgeglichen werden k\u00f6nnen. So stehen zum Erreichen des Ziels beim 1500 m-Lauf eine Zeit von 4:10 Minuten zur Verf\u00fcgung. Als letzte Disziplin m\u00fcssen die Jugendfeuerwehrmitglieder Fragen zur feuerwehrtechnischen und allgemein Wissen beantworten.<\/p>\n<p>Sollte eine der Disziplinen nicht bestanden werden, so besteht die M\u00f6glichkeit der Wiederholung, sollten auch dann die Vorgaben nicht erreicht werden, k\u00f6nnen den Gruppenmitgliedern die Leistungsspangen nicht verliehen werden. In Anwesenheit von Fuldas Oberb\u00fcrgermeister Gerhard M\u00f6ller, dem Ersten Kreisbeigeordneten Dr. Heiko Wingenfeld, dem stellvertretender Kreisbrandinspektor Bernd Sch\u00e4del, dem Vorsitzenden des Kreisfeuerwehrverbandes Fulda Lothar Mihm und dem Leiter der Feuerwehr Fulda Thomas Hinz\u00c2\u00a0 konnten nach zwei Wiederholungspr\u00fcfungen im Kugelsto\u00dfen allen teilnehmenden Gruppen die Leistungsspange \u00fcberreicht werden. So konnte man in viele freudige und erleichterte Gesichter blicken als die Abnahmeberechtigten Eric Lubenau aus Darmstadt und Rolf Lengermann aus Baunatal im Auftrag der Deutschen Jugendfeuerwehr den 29 weiblichen und 114 m\u00e4nnlichen Bewerbe\u00c2\u00a0 verk\u00fcndeten, dass sie die Kriterien zur Leistungsspange erf\u00fcllt haben. Insgesamt nahmen 221 Jugendliche an dem Wettbewerb teil. Die Kreisjugendfeuerwehr Fulda, sowie Stadtjugendfeuerwehrwart der Stadt Fulda Marco Taschner waren mit dem Ablauf sehr zufrieden. (Markus G\u00f6bel, Kevin Kimpel, Steffen Hohmann)<\/p>\n\n\t\t<style type=\"text\/css\">\n\t\t\t#gallery-1 {\n\t\t\t\tmargin: auto;\n\t\t\t}\n\t\t\t#gallery-1 .gallery-item {\n\t\t\t\tfloat: left;\n\t\t\t\tmargin-top: 10px;\n\t\t\t\ttext-align: center;\n\t\t\t\twidth: 50%;\n\t\t\t}\n\t\t\t#gallery-1 img {\n\t\t\t\tborder: 2px solid #cfcfcf;\n\t\t\t}\n\t\t\t#gallery-1 .gallery-caption {\n\t\t\t\tmargin-left: 0;\n\t\t\t}\n\t\t\t\/* see gallery_shortcode() in wp-includes\/media.php *\/\n\t\t<\/style>\n\t\t<div id='gallery-1' class='gallery galleryid-102441 gallery-columns-2 gallery-size-thumbnail'><dl class='gallery-item'>\n\t\t\t<dt class='gallery-icon landscape'>\n\t\t\t\t<a href='https:\/\/www.fuldaernachrichten.de\/wp-content\/uploads\/2012\/10\/DSC_0088.jpg'><img decoding=\"async\" width=\"150\" height=\"99\" src=\"https:\/\/www.fuldaernachrichten.de\/wp-content\/uploads\/2012\/10\/DSC_0088-265x175.jpg\" class=\"attachment-thumbnail size-thumbnail\" alt=\"\" srcset=\"https:\/\/www.fuldaernachrichten.de\/wp-content\/uploads\/2012\/10\/DSC_0088-265x175.jpg 265w, https:\/\/www.fuldaernachrichten.de\/wp-content\/uploads\/2012\/10\/DSC_0088.jpg 600w\" sizes=\"(max-width: 150px) 100vw, 150px\" \/><\/a>\n\t\t\t<\/dt><\/dl><dl class='gallery-item'>\n\t\t\t<dt class='gallery-icon landscape'>\n\t\t\t\t<a href='https:\/\/www.fuldaernachrichten.de\/wp-content\/uploads\/2012\/10\/DSC_0096.jpg'><img decoding=\"async\" width=\"150\" height=\"99\" src=\"https:\/\/www.fuldaernachrichten.de\/wp-content\/uploads\/2012\/10\/DSC_0096-265x175.jpg\" class=\"attachment-thumbnail size-thumbnail\" alt=\"\" srcset=\"https:\/\/www.fuldaernachrichten.de\/wp-content\/uploads\/2012\/10\/DSC_0096-265x175.jpg 265w, https:\/\/www.fuldaernachrichten.de\/wp-content\/uploads\/2012\/10\/DSC_0096.jpg 600w\" sizes=\"(max-width: 150px) 100vw, 150px\" \/><\/a>\n\t\t\t<\/dt><\/dl><br style=\"clear: both\" \/><dl class='gallery-item'>\n\t\t\t<dt class='gallery-icon landscape'>\n\t\t\t\t<a href='https:\/\/www.fuldaernachrichten.de\/wp-content\/uploads\/2012\/10\/DSC_0169.jpg'><img loading=\"lazy\" decoding=\"async\" width=\"150\" height=\"99\" src=\"https:\/\/www.fuldaernachrichten.de\/wp-content\/uploads\/2012\/10\/DSC_0169-265x175.jpg\" class=\"attachment-thumbnail size-thumbnail\" alt=\"\" srcset=\"https:\/\/www.fuldaernachrichten.de\/wp-content\/uploads\/2012\/10\/DSC_0169-265x175.jpg 265w, https:\/\/www.fuldaernachrichten.de\/wp-content\/uploads\/2012\/10\/DSC_0169.jpg 600w\" sizes=\"(max-width: 150px) 100vw, 150px\" \/><\/a>\n\t\t\t<\/dt><\/dl><dl class='gallery-item'>\n\t\t\t<dt class='gallery-icon landscape'>\n\t\t\t\t<a href='https:\/\/www.fuldaernachrichten.de\/wp-content\/uploads\/2012\/10\/DSC_0178.jpg'><img loading=\"lazy\" decoding=\"async\" width=\"150\" height=\"99\" src=\"https:\/\/www.fuldaernachrichten.de\/wp-content\/uploads\/2012\/10\/DSC_0178-265x175.jpg\" class=\"attachment-thumbnail size-thumbnail\" alt=\"\" srcset=\"https:\/\/www.fuldaernachrichten.de\/wp-content\/uploads\/2012\/10\/DSC_0178-265x175.jpg 265w, https:\/\/www.fuldaernachrichten.de\/wp-content\/uploads\/2012\/10\/DSC_0178.jpg 600w\" sizes=\"(max-width: 150px) 100vw, 150px\" \/><\/a>\n\t\t\t<\/dt><\/dl><br style=\"clear: both\" \/><dl class='gallery-item'>\n\t\t\t<dt class='gallery-icon landscape'>\n\t\t\t\t<a href='https:\/\/www.fuldaernachrichten.de\/wp-content\/uploads\/2012\/10\/DSC_0183.jpg'><img loading=\"lazy\" decoding=\"async\" width=\"150\" height=\"99\" src=\"https:\/\/www.fuldaernachrichten.de\/wp-content\/uploads\/2012\/10\/DSC_0183-265x175.jpg\" class=\"attachment-thumbnail size-thumbnail\" alt=\"\" srcset=\"https:\/\/www.fuldaernachrichten.de\/wp-content\/uploads\/2012\/10\/DSC_0183-265x175.jpg 265w, https:\/\/www.fuldaernachrichten.de\/wp-content\/uploads\/2012\/10\/DSC_0183.jpg 600w\" sizes=\"(max-width: 150px) 100vw, 150px\" \/><\/a>\n\t\t\t<\/dt><\/dl><dl class='gallery-item'>\n\t\t\t<dt class='gallery-icon landscape'>\n\t\t\t\t<a href='https:\/\/www.fuldaernachrichten.de\/wp-content\/uploads\/2012\/10\/DSC_0190.jpg'><img loading=\"lazy\" decoding=\"async\" width=\"150\" height=\"99\" src=\"https:\/\/www.fuldaernachrichten.de\/wp-content\/uploads\/2012\/10\/DSC_0190-265x175.jpg\" class=\"attachment-thumbnail size-thumbnail\" alt=\"\" srcset=\"https:\/\/www.fuldaernachrichten.de\/wp-content\/uploads\/2012\/10\/DSC_0190-265x175.jpg 265w, https:\/\/www.fuldaernachrichten.de\/wp-content\/uploads\/2012\/10\/DSC_0190.jpg 600w\" sizes=\"(max-width: 150px) 100vw, 150px\" \/><\/a>\n\t\t\t<\/dt><\/dl><br style=\"clear: both\" \/><dl class='gallery-item'>\n\t\t\t<dt class='gallery-icon landscape'>\n\t\t\t\t<a href='https:\/\/www.fuldaernachrichten.de\/wp-content\/uploads\/2012\/10\/DSC_0230.jpg'><img loading=\"lazy\" decoding=\"async\" width=\"150\" height=\"99\" src=\"https:\/\/www.fuldaernachrichten.de\/wp-content\/uploads\/2012\/10\/DSC_0230-265x175.jpg\" class=\"attachment-thumbnail size-thumbnail\" alt=\"\" srcset=\"https:\/\/www.fuldaernachrichten.de\/wp-content\/uploads\/2012\/10\/DSC_0230-265x175.jpg 265w, https:\/\/www.fuldaernachrichten.de\/wp-content\/uploads\/2012\/10\/DSC_0230.jpg 600w\" sizes=\"(max-width: 150px) 100vw, 150px\" \/><\/a>\n\t\t\t<\/dt><\/dl><dl class='gallery-item'>\n\t\t\t<dt class='gallery-icon landscape'>\n\t\t\t\t<a href='https:\/\/www.fuldaernachrichten.de\/wp-content\/uploads\/2012\/10\/DSC_0249.jpg'><img loading=\"lazy\" decoding=\"async\" width=\"150\" height=\"99\" src=\"https:\/\/www.fuldaernachrichten.de\/wp-content\/uploads\/2012\/10\/DSC_0249-265x175.jpg\" class=\"attachment-thumbnail size-thumbnail\" alt=\"\" srcset=\"https:\/\/www.fuldaernachrichten.de\/wp-content\/uploads\/2012\/10\/DSC_0249-265x175.jpg 265w, https:\/\/www.fuldaernachrichten.de\/wp-content\/uploads\/2012\/10\/DSC_0249.jpg 600w\" sizes=\"(max-width: 150px) 100vw, 150px\" \/><\/a>\n\t\t\t<\/dt><\/dl><br style=\"clear: both\" \/><dl class='gallery-item'>\n\t\t\t<dt class='gallery-icon landscape'>\n\t\t\t\t<a href='https:\/\/www.fuldaernachrichten.de\/wp-content\/uploads\/2012\/10\/DSC_0250.jpg'><img loading=\"lazy\" decoding=\"async\" width=\"150\" height=\"99\" src=\"https:\/\/www.fuldaernachrichten.de\/wp-content\/uploads\/2012\/10\/DSC_0250-265x175.jpg\" class=\"attachment-thumbnail size-thumbnail\" alt=\"\" srcset=\"https:\/\/www.fuldaernachrichten.de\/wp-content\/uploads\/2012\/10\/DSC_0250-265x175.jpg 265w, https:\/\/www.fuldaernachrichten.de\/wp-content\/uploads\/2012\/10\/DSC_0250.jpg 600w\" sizes=\"(max-width: 150px) 100vw, 150px\" \/><\/a>\n\t\t\t<\/dt><\/dl><dl class='gallery-item'>\n\t\t\t<dt class='gallery-icon landscape'>\n\t\t\t\t<a href='https:\/\/www.fuldaernachrichten.de\/wp-content\/uploads\/2012\/10\/DSC_0257.jpg'><img loading=\"lazy\" decoding=\"async\" width=\"150\" height=\"99\" src=\"https:\/\/www.fuldaernachrichten.de\/wp-content\/uploads\/2012\/10\/DSC_0257-265x175.jpg\" class=\"attachment-thumbnail size-thumbnail\" alt=\"\" srcset=\"https:\/\/www.fuldaernachrichten.de\/wp-content\/uploads\/2012\/10\/DSC_0257-265x175.jpg 265w, https:\/\/www.fuldaernachrichten.de\/wp-content\/uploads\/2012\/10\/DSC_0257.jpg 600w\" sizes=\"(max-width: 150px) 100vw, 150px\" \/><\/a>\n\t\t\t<\/dt><\/dl><br style=\"clear: both\" \/><dl class='gallery-item'>\n\t\t\t<dt class='gallery-icon landscape'>\n\t\t\t\t<a href='https:\/\/www.fuldaernachrichten.de\/wp-content\/uploads\/2012\/10\/DSC_0353.jpg'><img loading=\"lazy\" decoding=\"async\" width=\"150\" height=\"99\" src=\"https:\/\/www.fuldaernachrichten.de\/wp-content\/uploads\/2012\/10\/DSC_0353-265x175.jpg\" class=\"attachment-thumbnail size-thumbnail\" alt=\"\" srcset=\"https:\/\/www.fuldaernachrichten.de\/wp-content\/uploads\/2012\/10\/DSC_0353-265x175.jpg 265w, https:\/\/www.fuldaernachrichten.de\/wp-content\/uploads\/2012\/10\/DSC_0353.jpg 600w\" sizes=\"(max-width: 150px) 100vw, 150px\" \/><\/a>\n\t\t\t<\/dt><\/dl><dl class='gallery-item'>\n\t\t\t<dt class='gallery-icon landscape'>\n\t\t\t\t<a href='https:\/\/www.fuldaernachrichten.de\/wp-content\/uploads\/2012\/10\/DSC_0365.jpg'><img loading=\"lazy\" decoding=\"async\" width=\"150\" height=\"99\" src=\"https:\/\/www.fuldaernachrichten.de\/wp-content\/uploads\/2012\/10\/DSC_0365-265x175.jpg\" class=\"attachment-thumbnail size-thumbnail\" alt=\"\" srcset=\"https:\/\/www.fuldaernachrichten.de\/wp-content\/uploads\/2012\/10\/DSC_0365-265x175.jpg 265w, https:\/\/www.fuldaernachrichten.de\/wp-content\/uploads\/2012\/10\/DSC_0365.jpg 600w\" sizes=\"(max-width: 150px) 100vw, 150px\" \/><\/a>\n\t\t\t<\/dt><\/dl><br style=\"clear: both\" \/><dl class='gallery-item'>\n\t\t\t<dt class='gallery-icon landscape'>\n\t\t\t\t<a href='https:\/\/www.fuldaernachrichten.de\/wp-content\/uploads\/2012\/10\/DSC_0379.jpg'><img loading=\"lazy\" decoding=\"async\" width=\"150\" height=\"99\" src=\"https:\/\/www.fuldaernachrichten.de\/wp-content\/uploads\/2012\/10\/DSC_0379-265x175.jpg\" class=\"attachment-thumbnail size-thumbnail\" alt=\"\" srcset=\"https:\/\/www.fuldaernachrichten.de\/wp-content\/uploads\/2012\/10\/DSC_0379-265x175.jpg 265w, https:\/\/www.fuldaernachrichten.de\/wp-content\/uploads\/2012\/10\/DSC_0379.jpg 600w\" sizes=\"(max-width: 150px) 100vw, 150px\" \/><\/a>\n\t\t\t<\/dt><\/dl><dl class='gallery-item'>\n\t\t\t<dt class='gallery-icon landscape'>\n\t\t\t\t<a href='https:\/\/www.fuldaernachrichten.de\/wp-content\/uploads\/2012\/10\/DSC_0380.jpg'><img loading=\"lazy\" decoding=\"async\" width=\"150\" height=\"99\" src=\"https:\/\/www.fuldaernachrichten.de\/wp-content\/uploads\/2012\/10\/DSC_0380-265x175.jpg\" class=\"attachment-thumbnail size-thumbnail\" alt=\"\" srcset=\"https:\/\/www.fuldaernachrichten.de\/wp-content\/uploads\/2012\/10\/DSC_0380-265x175.jpg 265w, https:\/\/www.fuldaernachrichten.de\/wp-content\/uploads\/2012\/10\/DSC_0380.jpg 600w\" sizes=\"(max-width: 150px) 100vw, 150px\" \/><\/a>\n\t\t\t<\/dt><\/dl><br style=\"clear: both\" \/><dl class='gallery-item'>\n\t\t\t<dt class='gallery-icon landscape'>\n\t\t\t\t<a href='https:\/\/www.fuldaernachrichten.de\/wp-content\/uploads\/2012\/10\/DSC_0419.jpg'><img loading=\"lazy\" decoding=\"async\" width=\"150\" height=\"99\" src=\"https:\/\/www.fuldaernachrichten.de\/wp-content\/uploads\/2012\/10\/DSC_0419-265x175.jpg\" class=\"attachment-thumbnail size-thumbnail\" alt=\"\" srcset=\"https:\/\/www.fuldaernachrichten.de\/wp-content\/uploads\/2012\/10\/DSC_0419-265x175.jpg 265w, https:\/\/www.fuldaernachrichten.de\/wp-content\/uploads\/2012\/10\/DSC_0419.jpg 600w\" sizes=\"(max-width: 150px) 100vw, 150px\" \/><\/a>\n\t\t\t<\/dt><\/dl><dl class='gallery-item'>\n\t\t\t<dt class='gallery-icon landscape'>\n\t\t\t\t<a href='https:\/\/www.fuldaernachrichten.de\/wp-content\/uploads\/2012\/10\/DSC_0438.jpg'><img loading=\"lazy\" decoding=\"async\" width=\"150\" height=\"99\" src=\"https:\/\/www.fuldaernachrichten.de\/wp-content\/uploads\/2012\/10\/DSC_0438-265x175.jpg\" class=\"attachment-thumbnail size-thumbnail\" alt=\"\" srcset=\"https:\/\/www.fuldaernachrichten.de\/wp-content\/uploads\/2012\/10\/DSC_0438-265x175.jpg 265w, https:\/\/www.fuldaernachrichten.de\/wp-content\/uploads\/2012\/10\/DSC_0438.jpg 600w\" sizes=\"(max-width: 150px) 100vw, 150px\" \/><\/a>\n\t\t\t<\/dt><\/dl><br style=\"clear: both\" \/><dl class='gallery-item'>\n\t\t\t<dt class='gallery-icon landscape'>\n\t\t\t\t<a href='https:\/\/www.fuldaernachrichten.de\/wp-content\/uploads\/2012\/10\/DSC_0468.jpg'><img loading=\"lazy\" decoding=\"async\" width=\"150\" height=\"99\" src=\"https:\/\/www.fuldaernachrichten.de\/wp-content\/uploads\/2012\/10\/DSC_0468-265x175.jpg\" class=\"attachment-thumbnail size-thumbnail\" alt=\"\" srcset=\"https:\/\/www.fuldaernachrichten.de\/wp-content\/uploads\/2012\/10\/DSC_0468-265x175.jpg 265w, https:\/\/www.fuldaernachrichten.de\/wp-content\/uploads\/2012\/10\/DSC_0468.jpg 600w\" sizes=\"(max-width: 150px) 100vw, 150px\" \/><\/a>\n\t\t\t<\/dt><\/dl><dl class='gallery-item'>\n\t\t\t<dt class='gallery-icon landscape'>\n\t\t\t\t<a href='https:\/\/www.fuldaernachrichten.de\/wp-content\/uploads\/2012\/10\/DSC_0475.jpg'><img loading=\"lazy\" decoding=\"async\" width=\"150\" height=\"99\" src=\"https:\/\/www.fuldaernachrichten.de\/wp-content\/uploads\/2012\/10\/DSC_0475-265x175.jpg\" class=\"attachment-thumbnail size-thumbnail\" alt=\"\" srcset=\"https:\/\/www.fuldaernachrichten.de\/wp-content\/uploads\/2012\/10\/DSC_0475-265x175.jpg 265w, https:\/\/www.fuldaernachrichten.de\/wp-content\/uploads\/2012\/10\/DSC_0475.jpg 600w\" sizes=\"(max-width: 150px) 100vw, 150px\" \/><\/a>\n\t\t\t<\/dt><\/dl><br style=\"clear: both\" \/><dl class='gallery-item'>\n\t\t\t<dt class='gallery-icon landscape'>\n\t\t\t\t<a href='https:\/\/www.fuldaernachrichten.de\/wp-content\/uploads\/2012\/10\/P1180641.jpg'><img loading=\"lazy\" decoding=\"async\" width=\"150\" height=\"112\" src=\"https:\/\/www.fuldaernachrichten.de\/wp-content\/uploads\/2012\/10\/P1180641-265x198.jpg\" class=\"attachment-thumbnail size-thumbnail\" alt=\"\" srcset=\"https:\/\/www.fuldaernachrichten.de\/wp-content\/uploads\/2012\/10\/P1180641-265x198.jpg 265w, https:\/\/www.fuldaernachrichten.de\/wp-content\/uploads\/2012\/10\/P1180641.jpg 600w\" sizes=\"(max-width: 150px) 100vw, 150px\" \/><\/a>\n\t\t\t<\/dt><\/dl>\n\t\t\t<br style='clear: both' \/>\n\t\t<\/div>\n\n","protected":false},"excerpt":{"rendered":"<div class=\"tmnf_excerpt\"><p>Fulda. Bei herrlichem Sonnenschein und sommerlichen Temperaturen fand am 16. September 2012 der die Leistungsspangenabnahme\u00c2\u00a0 der Deutschen Jugendfeuerwehr im Fuldaer Stadion in der Johannisaue statt. 19 Gruppen aus dem gesamten Landkreis Fulda stellten sich dem Wettbewerb um die h\u00f6chste Auszeichnung der Jugendfeuerwehr. Zur Er\u00f6ffnung des Wettbewerbes waren neben den Jugendlichen auch Vertreter verschiedener Feuerwehren gekommen. &hellip;<\/p>\n<\/div>","protected":false},"author":1,"featured_media":0,"comment_status":"closed","ping_status":"closed","sticky":false,"template":"","format":"standard","meta":{"footnotes":""},"categories":[1,71],"tags":[],"class_list":["post-102441","post","type-post","status-publish","format-standard","hentry","category-startseite","category-feuerwehr"],"_links":{"self":[{"href":"https:\/\/www.fuldaernachrichten.de\/index.php?rest_route=\/wp\/v2\/posts\/102441","targetHints":{"allow":["GET"]}}],"collection":[{"href":"https:\/\/www.fuldaernachrichten.de\/index.php?rest_route=\/wp\/v2\/posts"}],"about":[{"href":"https:\/\/www.fuldaernachrichten.de\/index.php?rest_route=\/wp\/v2\/types\/post"}],"author":[{"embeddable":true,"href":"https:\/\/www.fuldaernachrichten.de\/index.php?rest_route=\/wp\/v2\/users\/1"}],"replies":[{"embeddable":true,"href":"https:\/\/www.fuldaernachrichten.de\/index.php?rest_route=%2Fwp%2Fv2%2Fcomments&post=102441"}],"version-history":[{"count":0,"href":"https:\/\/www.fuldaernachrichten.de\/index.php?rest_route=\/wp\/v2\/posts\/102441\/revisions"}],"wp:attachment":[{"href":"https:\/\/www.fuldaernachrichten.de\/index.php?rest_route=%2Fwp%2Fv2%2Fmedia&parent=102441"}],"wp:term":[{"taxonomy":"category","embeddable":true,"href":"https:\/\/www.fuldaernachrichten.de\/index.php?rest_route=%2Fwp%2Fv2%2Fcategories&post=102441"},{"taxonomy":"post_tag","embeddable":true,"href":"https:\/\/www.fuldaernachrichten.de\/index.php?rest_route=%2Fwp%2Fv2%2Ftags&post=102441"}],"curies":[{"name":"wp","href":"https:\/\/api.w.org\/{rel}","templated":true}]}}