{"id":102375,"date":"2012-09-28T00:13:46","date_gmt":"2012-09-28T00:13:46","guid":{"rendered":"http:\/\/www.fuldaer-nachrichten.de\/?p=102375"},"modified":"2012-09-28T08:16:52","modified_gmt":"2012-09-28T08:16:52","slug":"regionale-schatze-online-veranstaltung-in-der-hochschul-landes-und-stadtbibliothek","status":"publish","type":"post","link":"https:\/\/www.fuldaernachrichten.de\/?p=102375","title":{"rendered":"Regionale Sch\u00e4tze online &#8211; Veranstaltung in der Hochschul-, Landes- und Stadtbibliothek"},"content":{"rendered":"<p>Fulda. Mit FulDig (<strong>Ful<\/strong>daer <strong>Dig<\/strong>italisierungsplattform) hat die Hochschul- und Landesbibliothek Fulda ihren Service um die Digitalisierung von Druckwerken aus ihrem Bestand erweitert. Der Schwerpunkt liegt auf der \u00e4lteren Regionalliteratur, d.h. Fuldensien mit Erscheinungsjahr vor 1900. Diese sind online im Internet zu finden und k\u00f6nnen mit FulDig komfortabel im Volltext benutzt werden. In der Hochschul-, Landes- und Stadtbibliothek\u00c2\u00a0 wird am Montag, 1. Oktober von 10.00 bis 11.00 Uhr am Heinrich-von-Bibra-Platz 12 in einer Schulung die Digitalisierungsplattform FulDig vorgestellt. Anmeldung wird erbeten unter Tel. 0661\/9640-970 oder per E-Mail hlb@hlb.hs-fulda.de<\/p>\n<p>&nbsp;<\/p>\n","protected":false},"excerpt":{"rendered":"<div class=\"tmnf_excerpt\"><p>Fulda. Mit FulDig (Fuldaer Digitalisierungsplattform) hat die Hochschul- und Landesbibliothek Fulda ihren Service um die Digitalisierung von Druckwerken aus ihrem Bestand erweitert. Der Schwerpunkt liegt auf der \u00e4lteren Regionalliteratur, d.h. Fuldensien mit Erscheinungsjahr vor 1900. Diese sind online im Internet zu finden und k\u00f6nnen mit FulDig komfortabel im Volltext benutzt werden. In der Hochschul-, Landes- &hellip;<\/p>\n<\/div>","protected":false},"author":1,"featured_media":0,"comment_status":"closed","ping_status":"closed","sticky":false,"template":"","format":"standard","meta":{"footnotes":""},"categories":[1,48],"tags":[],"class_list":["post-102375","post","type-post","status-publish","format-standard","hentry","category-startseite","category-forschung"],"_links":{"self":[{"href":"https:\/\/www.fuldaernachrichten.de\/index.php?rest_route=\/wp\/v2\/posts\/102375","targetHints":{"allow":["GET"]}}],"collection":[{"href":"https:\/\/www.fuldaernachrichten.de\/index.php?rest_route=\/wp\/v2\/posts"}],"about":[{"href":"https:\/\/www.fuldaernachrichten.de\/index.php?rest_route=\/wp\/v2\/types\/post"}],"author":[{"embeddable":true,"href":"https:\/\/www.fuldaernachrichten.de\/index.php?rest_route=\/wp\/v2\/users\/1"}],"replies":[{"embeddable":true,"href":"https:\/\/www.fuldaernachrichten.de\/index.php?rest_route=%2Fwp%2Fv2%2Fcomments&post=102375"}],"version-history":[{"count":0,"href":"https:\/\/www.fuldaernachrichten.de\/index.php?rest_route=\/wp\/v2\/posts\/102375\/revisions"}],"wp:attachment":[{"href":"https:\/\/www.fuldaernachrichten.de\/index.php?rest_route=%2Fwp%2Fv2%2Fmedia&parent=102375"}],"wp:term":[{"taxonomy":"category","embeddable":true,"href":"https:\/\/www.fuldaernachrichten.de\/index.php?rest_route=%2Fwp%2Fv2%2Fcategories&post=102375"},{"taxonomy":"post_tag","embeddable":true,"href":"https:\/\/www.fuldaernachrichten.de\/index.php?rest_route=%2Fwp%2Fv2%2Ftags&post=102375"}],"curies":[{"name":"wp","href":"https:\/\/api.w.org\/{rel}","templated":true}]}}