{"id":102320,"date":"2012-09-26T00:11:21","date_gmt":"2012-09-26T00:11:21","guid":{"rendered":"http:\/\/www.fuldaer-nachrichten.de\/?p=102320"},"modified":"2012-09-26T08:00:43","modified_gmt":"2012-09-26T08:00:43","slug":"kinder-der-privaten-zweisprachigen-grundschule-studieren-zirkusprogramm-ein","status":"publish","type":"post","link":"https:\/\/www.fuldaernachrichten.de\/?p=102320","title":{"rendered":"Kinder der Privaten Zweisprachigen Grundschule studieren Zirkusprogramm ein"},"content":{"rendered":"<p><strong><img decoding=\"async\" class=\"alignleft size-thumbnail wp-image-102321\" title=\"Zirkusvorstellung\" src=\"http:\/\/www.fuldaer-nachrichten.de\/wp-content\/uploads\/2012\/09\/Zirkusvorstellung-265x187.jpg\" alt=\"\" width=\"265\" height=\"187\" srcset=\"https:\/\/www.fuldaernachrichten.de\/wp-content\/uploads\/2012\/09\/Zirkusvorstellung-265x187.jpg 265w, https:\/\/www.fuldaernachrichten.de\/wp-content\/uploads\/2012\/09\/Zirkusvorstellung.jpg 592w\" sizes=\"(max-width: 265px) 100vw, 265px\" \/>Fulda<\/strong>. Strahlende Kindergesichter, bunte Clown-Kost\u00fcme,\u00c2\u00a0 dressierte Hunde und Kamele \u2013 eben die typische Zirkusatmosph\u00e4re: Eine Woche lang hatten die Sch\u00fcler der Privaten Zweisprachigen Grundschule des Bildungsunternehmens Dr. Jordan die Gelegenheit, mit ihren englischen und deutschen Klassenlehrern Zirkusluft zu schnuppern. Unter Anleitung des Teams vom Zirkus \u201eBaldoni\u201c lernten die \u201eKnirpse\u201c von der Reception Class bis zur vierten Klasse, wie eine Menschen-Pyramide gebildet wird, wie sie mit stolzer Haltung \u00fcber ein Seil balancieren, mit Tellern und B\u00e4llen jonglieren, Hula-Hoop-Reifen kreisen lassen und wie sie mit witzigen Show-Einlagen ein Publikum begeistern k\u00f6nnen. \u201eUnsere Sch\u00fcler haben sich innerhalb kurzer Zeit zu richtigen kleinen \u00e2\u20ac\u0161Stars in der Manege\u00e2\u20ac\u02dc entwickelt\u201c, freut sich Dr. Anja Sch\u00e4fer, Leiterin der Privaten Grundschule.<!--more--><br \/>\nDen H\u00f6hepunkt der \u201eZirkuswoche\u201c bildete eine zweist\u00fcndige Auff\u00fchrung, in der die Sch\u00fcler vor den staunenden Augen ihrer Familien die gelernten Kunstst\u00fccke pr\u00e4sentierten. Dar\u00fcber hinaus zog die Familie Heilig vom Zirkus \u201eBaldoni\u201c mit eigenen Vorf\u00fchrungen das Publikum in seinen Bann.<br \/>\nAus p\u00e4dagogischer Sicht k\u00f6nnen durch die gezielte Vermittlung der unterschiedlichen K\u00fcnste die Pers\u00f6nlichkeitsentwicklung, das K\u00f6rperempfinden und die Toleranz der Sch\u00fcler gef\u00f6rdert werden.<br \/>\nDie Zirkusp\u00e4dagogik ist zudem ein sehr motivierendes Feld f\u00fcr unterschiedlichste Talente.<\/p>\n","protected":false},"excerpt":{"rendered":"<div class=\"tmnf_excerpt\"><p>Fulda. Strahlende Kindergesichter, bunte Clown-Kost\u00fcme,\u00c2\u00a0 dressierte Hunde und Kamele \u2013 eben die typische Zirkusatmosph\u00e4re: Eine Woche lang hatten die Sch\u00fcler der Privaten Zweisprachigen Grundschule des Bildungsunternehmens Dr. Jordan die Gelegenheit, mit ihren englischen und deutschen Klassenlehrern Zirkusluft zu schnuppern. Unter Anleitung des Teams vom Zirkus \u201eBaldoni\u201c lernten die \u201eKnirpse\u201c von der Reception Class bis zur &hellip;<\/p>\n<\/div>","protected":false},"author":1,"featured_media":0,"comment_status":"closed","ping_status":"closed","sticky":false,"template":"","format":"standard","meta":{"footnotes":""},"categories":[1,53],"tags":[],"class_list":["post-102320","post","type-post","status-publish","format-standard","hentry","category-startseite","category-bildung"],"_links":{"self":[{"href":"https:\/\/www.fuldaernachrichten.de\/index.php?rest_route=\/wp\/v2\/posts\/102320","targetHints":{"allow":["GET"]}}],"collection":[{"href":"https:\/\/www.fuldaernachrichten.de\/index.php?rest_route=\/wp\/v2\/posts"}],"about":[{"href":"https:\/\/www.fuldaernachrichten.de\/index.php?rest_route=\/wp\/v2\/types\/post"}],"author":[{"embeddable":true,"href":"https:\/\/www.fuldaernachrichten.de\/index.php?rest_route=\/wp\/v2\/users\/1"}],"replies":[{"embeddable":true,"href":"https:\/\/www.fuldaernachrichten.de\/index.php?rest_route=%2Fwp%2Fv2%2Fcomments&post=102320"}],"version-history":[{"count":0,"href":"https:\/\/www.fuldaernachrichten.de\/index.php?rest_route=\/wp\/v2\/posts\/102320\/revisions"}],"wp:attachment":[{"href":"https:\/\/www.fuldaernachrichten.de\/index.php?rest_route=%2Fwp%2Fv2%2Fmedia&parent=102320"}],"wp:term":[{"taxonomy":"category","embeddable":true,"href":"https:\/\/www.fuldaernachrichten.de\/index.php?rest_route=%2Fwp%2Fv2%2Fcategories&post=102320"},{"taxonomy":"post_tag","embeddable":true,"href":"https:\/\/www.fuldaernachrichten.de\/index.php?rest_route=%2Fwp%2Fv2%2Ftags&post=102320"}],"curies":[{"name":"wp","href":"https:\/\/api.w.org\/{rel}","templated":true}]}}