{"id":102317,"date":"2012-09-26T00:11:43","date_gmt":"2012-09-26T00:11:43","guid":{"rendered":"http:\/\/www.fuldaer-nachrichten.de\/?p=102317"},"modified":"2012-09-26T07:52:34","modified_gmt":"2012-09-26T07:52:34","slug":"kindertheatersonntag-mit-michel-aus-lonneberga","status":"publish","type":"post","link":"https:\/\/www.fuldaernachrichten.de\/?p=102317","title":{"rendered":"Kindertheatersonntag mit Michel aus L\u00f6nneberga"},"content":{"rendered":"<p><img fetchpriority=\"high\" decoding=\"async\" class=\"alignleft size-thumbnail wp-image-102318\" title=\"Michel_3\" src=\"http:\/\/www.fuldaer-nachrichten.de\/wp-content\/uploads\/2012\/09\/Michel_3-265x353.jpg\" alt=\"\" width=\"265\" height=\"353\" srcset=\"https:\/\/www.fuldaernachrichten.de\/wp-content\/uploads\/2012\/09\/Michel_3-265x353.jpg 265w, https:\/\/www.fuldaernachrichten.de\/wp-content\/uploads\/2012\/09\/Michel_3-198x265.jpg 198w, https:\/\/www.fuldaernachrichten.de\/wp-content\/uploads\/2012\/09\/Michel_3-450x600.jpg 450w, https:\/\/www.fuldaernachrichten.de\/wp-content\/uploads\/2012\/09\/Michel_3.jpg 600w\" sizes=\"(max-width: 265px) 100vw, 265px\" \/>Eichenzell. Wer kennt ihn nicht, den Blondschopf Michel aus L\u00f6nneberga, der immer nur Unfug im Kopf hat. Aber eigentlich ist Michel ein lieber Junge, der es aus seiner Sicht immer nur gut meint. Dass sein Vater \u00fcber seine Idee, Lina am Fahnenmast hochzuziehen, nicht erfreut ist, kann er ja vorher nicht wissen. Auch, dass er mit seinem Kopf in der Sch\u00fcssel stecken bleiben w\u00fcrde beim Versuch, noch den letzten Tropfen herauszubekommen, kann er nun wirklich nicht ahnen.<\/p>\n<p>Diese und andere Streiche spielen Kathi Baumann und Barbara Gottwald vom Theater MITTENDRIN, Fulda. Mit viel Spielfreude und Fantasie schl\u00fcpfen sie in die Rollen von Alfred und Lina, Michel und Klein-Ida, Mama und Papa Svensson und all den anderen liebenswerten Lindgren-Figuren. Dabei gibt es keine aufw\u00e4ndigen Umz\u00fcge, Umbauten oder Spezialeffekte, sondern klares Schauspiel, fast wie ein Kinderspiel.<!--more--><\/p>\n<p><em>\u201eAuch ohne Suppensch\u00fcssel und Tischlerschuppen \u2013 ein Lampenschirm und eine gro\u00dfe Holzkiste taten es auch \u2013 gelang es den beiden Schauspielerinnen, Michel, Lina, Ida, Alfred und den Hof vor Augen der Kinder erscheinen zu lassen. Ob die Zahnziehaktion, Ida hoch oben am Fahnenmast oder das Ausr\u00e4umen der Speisekammer \u2013 die Kinder konnten \u00fcber Michels Streiche herzlich lachen.\u201c<\/em> (S\u00fcdth\u00fcringer Zeitung)<\/p>\n<p>Karten f\u00fcr die Auff\u00fchrungen am So. 07. Oktober 2012 um 14.00 Uhr und 16.00 Uhr im Husarenkeller des Eichenzeller Schl\u00f6sschens sind bei der Gemeinde Eichenzell, Tel. 06659\/ 9 79 43 erh\u00e4ltlich.<\/p>\n<p><strong>Eintritt:<\/strong> Kinder 4,00 \u00e2\u201a\u00ac \/ Erwachsene 6,00 \u00e2\u201a\u00ac<\/p>\n<p>&nbsp;<\/p>\n","protected":false},"excerpt":{"rendered":"<div class=\"tmnf_excerpt\"><p>Eichenzell. Wer kennt ihn nicht, den Blondschopf Michel aus L\u00f6nneberga, der immer nur Unfug im Kopf hat. Aber eigentlich ist Michel ein lieber Junge, der es aus seiner Sicht immer nur gut meint. Dass sein Vater \u00fcber seine Idee, Lina am Fahnenmast hochzuziehen, nicht erfreut ist, kann er ja vorher nicht wissen. Auch, dass er &hellip;<\/p>\n<\/div>","protected":false},"author":1,"featured_media":0,"comment_status":"closed","ping_status":"closed","sticky":false,"template":"","format":"standard","meta":{"footnotes":""},"categories":[1,44],"tags":[],"class_list":["post-102317","post","type-post","status-publish","format-standard","hentry","category-startseite","category-kultur"],"_links":{"self":[{"href":"https:\/\/www.fuldaernachrichten.de\/index.php?rest_route=\/wp\/v2\/posts\/102317","targetHints":{"allow":["GET"]}}],"collection":[{"href":"https:\/\/www.fuldaernachrichten.de\/index.php?rest_route=\/wp\/v2\/posts"}],"about":[{"href":"https:\/\/www.fuldaernachrichten.de\/index.php?rest_route=\/wp\/v2\/types\/post"}],"author":[{"embeddable":true,"href":"https:\/\/www.fuldaernachrichten.de\/index.php?rest_route=\/wp\/v2\/users\/1"}],"replies":[{"embeddable":true,"href":"https:\/\/www.fuldaernachrichten.de\/index.php?rest_route=%2Fwp%2Fv2%2Fcomments&post=102317"}],"version-history":[{"count":1,"href":"https:\/\/www.fuldaernachrichten.de\/index.php?rest_route=\/wp\/v2\/posts\/102317\/revisions"}],"predecessor-version":[{"id":102319,"href":"https:\/\/www.fuldaernachrichten.de\/index.php?rest_route=\/wp\/v2\/posts\/102317\/revisions\/102319"}],"wp:attachment":[{"href":"https:\/\/www.fuldaernachrichten.de\/index.php?rest_route=%2Fwp%2Fv2%2Fmedia&parent=102317"}],"wp:term":[{"taxonomy":"category","embeddable":true,"href":"https:\/\/www.fuldaernachrichten.de\/index.php?rest_route=%2Fwp%2Fv2%2Fcategories&post=102317"},{"taxonomy":"post_tag","embeddable":true,"href":"https:\/\/www.fuldaernachrichten.de\/index.php?rest_route=%2Fwp%2Fv2%2Ftags&post=102317"}],"curies":[{"name":"wp","href":"https:\/\/api.w.org\/{rel}","templated":true}]}}