{"id":102305,"date":"2012-09-26T00:10:49","date_gmt":"2012-09-26T00:10:49","guid":{"rendered":"http:\/\/www.fuldaer-nachrichten.de\/?p=102305"},"modified":"2012-09-26T07:41:33","modified_gmt":"2012-09-26T07:41:33","slug":"kkv-ehrenamt-braucht-freie-zeit-sozialverband-pladiert-fur-sonntag-und-feierabend","status":"publish","type":"post","link":"https:\/\/www.fuldaernachrichten.de\/?p=102305","title":{"rendered":"KKV: Ehrenamt braucht freie Zeit! Sozialverband pl\u00e4diert f\u00fcr Sonntag und Feierabend"},"content":{"rendered":"<p>Essen\/Monheim am Rhein &#8211; &#8220;Ehrenamtliches und b\u00fcrgerschaftliches Engagement braucht Menschen, die Zeit und Kraft finden, sich jenseits von Job und Familie noch f\u00fcr andere zu engagieren&#8221; &#8211; mit dieser Forderung meldet sich der KKV &#8211; Verband der Katholiken in Wirtschaft und Verwaltung anl\u00e4sslich der laufenden &#8220;Woche des B\u00fcrgerschaftlichen Engagements&#8221; zu Wort. Pauschalkritik an der jungen Generation sei fehl am Platz: &#8220;Wir brauchen eine echte F\u00f6rderkultur f\u00fcrs Ehrenamt &#8211; das fordert Politik, Arbeitgeber und Verb\u00e4nde.&#8221;<!--more--><\/p>\n<p>B\u00fcrgerschaftliches Engagement, so der KKV, sei &#8220;auch bei jungen Menschen kein Fremdwort. Es ist aber auch klar, dass Familie und Beruf an erster Stelle st\u00fcnden. Wenn dann keine Zeit oder Kraft mehr bleibe, um sich ehrenamtlich zu engagieren, liegt der Fehler im System.&#8221; Als einer der vier gro\u00dfen katholischen Sozialverb\u00e4nde, so der geb\u00fcrtige Fuldaer Bundesvorsitzende Bernd-M. Wehner, &#8220;erf\u00e4hrt der KKV gerade in der aktuellen Krise vermehrt Zuspruch von jungen Leuten. Die Bereitschaft, sich f\u00fcr Werte, Wirtschaftsethik und eine lebendige soziale Marktwirtschaft zu engagieren, ist gro\u00df.&#8221;<\/p>\n<p>Der KKV selbst widmet sich noch bis Sommer n\u00e4chsten Jahres dem Schwerpunktthema &#8220;Aufbruch f\u00fcr Werte. Gemeinsam eine aktive B\u00fcrgergesellschaft gestalten.&#8221; Zum verbandsinternen Aufbruch, so Wehner, geh\u00f6rten unter anderem ambitionierte Netzwerkprojekte f\u00fcr Frauen und den jungen F\u00fchrungsnachwuchs in Wirtschaft und Verwaltung. Herausforderung der Verb\u00e4nde und Vereine sei es, &#8220;neue Strukturen zu schaffen, um die Kompatibilit\u00e4t von b\u00fcrgerschaftlichem Engagement und dem Leben junger Menschen zu erreichen. \u201eModerne Medien und Projektarbeit sind ein Weg.&#8221;<\/p>\n<p>Gefordert seien aber auch Wirtschaft und Arbeitgeber: &#8220;Ehrenamt braucht freie Zeit&#8221;, so der KKV. Der Verband bewirbt deshalb auch in der &#8220;Woche des B\u00fcrgerschaftlichen Engagements&#8221; zwei seiner Kampagnen: &#8220;Wir engagieren uns mit der Aktion &#8216;ich bin Sonntagssch\u00fctzer!&#8217; lange schon f\u00fcr einen europaweiten arbeitsfreien Sonntag. Er ist auch Tag des Ehrenamts &#8211; wer ihn dauerhaft opfert, der schadet der aktiven B\u00fcrgergesellschaft.&#8221;<\/p>\n<p>\u00c4hnliches gelte f\u00fcr die vom KKV gestartete Kampagne &#8220;Jeder hat ein Recht auf Unerreichbarkeit!&#8221; &#8211; via facebook fordert der Verband hierbei das &#8211; \u00fcber das Arbeitsrecht eigentlich fest garantierte &#8211; Recht auf Feierabend, Wochenende und freie Zeit. Arbeitgeber m\u00fcssten eine &#8220;Kultur der Unerreichbarkeit&#8221; als Teil einer neuen Arbeitsphilosophie unterst\u00fctzen. Moderne Medien machten jeden fast \u00fcberall erreichbar \u2013 auch beruflich. &#8220;Das verhindert das dringend n\u00f6tige Abschalten und f\u00f6rdert burn-out der Mitarbeiter.&#8221; Gelinge das nicht, gehe es zu Lasten von Familie, Gesundheit und ehrenamtlichem Engagement. Der KKV stellt sich deshalb hinter Arbeitsministerin Dr. Ursula von der Leyen, die bereits im Fr\u00fchjahr dieses Jahres mehr Bewusstsein f\u00fcr dieses Problem bei Arbeitgebern und Arbeitnehmern eingefordert hatte.<\/p>\n<p>Der Bundesverband der Katholiken in Wirtschaft und Verwaltung e.V. ist ein katholischer Sozialverband mit rund 90 Ortsgemeinschaften in ganz Deutschland. Informationen zum KKV erhalten Sie im Internet unter www.kkv-bund.de, oder unter 0201 87923 \u2013 0.<\/p>\n","protected":false},"excerpt":{"rendered":"<div class=\"tmnf_excerpt\"><p>Essen\/Monheim am Rhein &#8211; &#8220;Ehrenamtliches und b\u00fcrgerschaftliches Engagement braucht Menschen, die Zeit und Kraft finden, sich jenseits von Job und Familie noch f\u00fcr andere zu engagieren&#8221; &#8211; mit dieser Forderung meldet sich der KKV &#8211; Verband der Katholiken in Wirtschaft und Verwaltung anl\u00e4sslich der laufenden &#8220;Woche des B\u00fcrgerschaftlichen Engagements&#8221; zu Wort. Pauschalkritik an der jungen &hellip;<\/p>\n<\/div>","protected":false},"author":1,"featured_media":0,"comment_status":"closed","ping_status":"closed","sticky":false,"template":"","format":"standard","meta":{"footnotes":""},"categories":[1,29],"tags":[],"class_list":["post-102305","post","type-post","status-publish","format-standard","hentry","category-startseite","category-politik"],"_links":{"self":[{"href":"https:\/\/www.fuldaernachrichten.de\/index.php?rest_route=\/wp\/v2\/posts\/102305","targetHints":{"allow":["GET"]}}],"collection":[{"href":"https:\/\/www.fuldaernachrichten.de\/index.php?rest_route=\/wp\/v2\/posts"}],"about":[{"href":"https:\/\/www.fuldaernachrichten.de\/index.php?rest_route=\/wp\/v2\/types\/post"}],"author":[{"embeddable":true,"href":"https:\/\/www.fuldaernachrichten.de\/index.php?rest_route=\/wp\/v2\/users\/1"}],"replies":[{"embeddable":true,"href":"https:\/\/www.fuldaernachrichten.de\/index.php?rest_route=%2Fwp%2Fv2%2Fcomments&post=102305"}],"version-history":[{"count":0,"href":"https:\/\/www.fuldaernachrichten.de\/index.php?rest_route=\/wp\/v2\/posts\/102305\/revisions"}],"wp:attachment":[{"href":"https:\/\/www.fuldaernachrichten.de\/index.php?rest_route=%2Fwp%2Fv2%2Fmedia&parent=102305"}],"wp:term":[{"taxonomy":"category","embeddable":true,"href":"https:\/\/www.fuldaernachrichten.de\/index.php?rest_route=%2Fwp%2Fv2%2Fcategories&post=102305"},{"taxonomy":"post_tag","embeddable":true,"href":"https:\/\/www.fuldaernachrichten.de\/index.php?rest_route=%2Fwp%2Fv2%2Ftags&post=102305"}],"curies":[{"name":"wp","href":"https:\/\/api.w.org\/{rel}","templated":true}]}}