{"id":102273,"date":"2012-09-26T00:20:53","date_gmt":"2012-09-26T00:20:53","guid":{"rendered":"http:\/\/www.fuldaer-nachrichten.de\/?p=102273"},"modified":"2012-09-26T07:29:02","modified_gmt":"2012-09-26T07:29:02","slug":"neuhof-ladt-am-sonntag-30-september-zum-tag-der-regionen-ein","status":"publish","type":"post","link":"https:\/\/www.fuldaernachrichten.de\/?p=102273","title":{"rendered":"Neuhof l\u00e4dt am Sonntag, 30. September, zum \u201eTag der Regionen\u201c ein"},"content":{"rendered":"<p><img decoding=\"async\" class=\"alignleft size-thumbnail wp-image-102274\" title=\"441-Tag der Regionen (Logo)\" src=\"http:\/\/www.fuldaer-nachrichten.de\/wp-content\/uploads\/2012\/09\/441-Tag-der-Regionen-Logo-265x158.jpg\" alt=\"\" width=\"265\" height=\"158\" srcset=\"https:\/\/www.fuldaernachrichten.de\/wp-content\/uploads\/2012\/09\/441-Tag-der-Regionen-Logo-265x158.jpg 265w, https:\/\/www.fuldaernachrichten.de\/wp-content\/uploads\/2012\/09\/441-Tag-der-Regionen-Logo.jpg 600w\" sizes=\"(max-width: 265px) 100vw, 265px\" \/>Neuhof. Die Gemeinde Neuhof als Mitglied des Regionalforums Fulda-S\u00fcdwest ist nach 2005 zum zweiten Mal Ausrichter des bundesweiten \u201eTags der Regionen\u201c. Die Veranstaltung beginnt um 10 Uhr mit Festgottesdiensten in der St. Michaelskirche und der evangelischen Kirche, daran schlie\u00dft sich um 11.30 Uhr die offizielle Er\u00f6ffnung im Gemeindezentrum an. Im Anschluss herrscht bis zum Abend buntes Markttreiben rund ums Gemeindezentrum mit vielen Aktionen und Informationen f\u00fcr Gro\u00df und Klein. <!--more--><\/p>\n<p>Gewerbetreibende, Handwerksbetriebe und Vereine pr\u00e4sentieren sich mit St\u00e4nden und Vorf\u00fchrungen. \u00dcber 60 Aussteller sorgen am Tag der Regionen f\u00fcr Information und Unterhaltung. Geboten werden neben dem Markttreiben auch Musik, Gesang, Tanz, Sport und Modenschau auf zwei Aktionsb\u00fchnen sowie eine Ausstellung von Kunsthandwerkern im Gemeindezentrum.<\/p>\n<p>Das b\u00fcrgerschaftliche Engagement in der Region ist gro\u00df. Insbesondere die Vereine sind Impulsgeber und Tr\u00e4ger kreativer Ideen. Durch ihren Einsatz wird der Region eine besondere Vielfalt und eigene Identit\u00e4t verliehen. Sie stehen f\u00fcr ein funktionierendes Gemeinwesen. Am Tag der Regionen in Neuhof informieren sie \u00fcber ihre verschiedenen Angebote, Projekte und ihre Vereinsarbeit. Auch Heimat verbundene und traditionsbewusste Besucher kommen auf ihre Kosten.<\/p>\n<p>Besondere Highlights versprechen Hubschrauberrundfl\u00fcge \u00fcber Neuhof sowie Werksbesichtigungen bei Kali und Salz zu werden. Das Kinderprogramm reicht von Torwandschie\u00dfen und Ponyreiten, \u00fcber Minibagger und Rennwagen-Simulator bis hin zum beliebten Luftballonclown und zur H\u00fcpfburg. Nat\u00fcrlich d\u00fcrfen Kinderschminken, Bastel- und Quizangebote nicht fehlen. F\u00fcr das leibliche Wohl mit regionalen Speisen ist ebenfalls bestens gesorgt.<\/p>\n","protected":false},"excerpt":{"rendered":"<div class=\"tmnf_excerpt\"><p>Neuhof. Die Gemeinde Neuhof als Mitglied des Regionalforums Fulda-S\u00fcdwest ist nach 2005 zum zweiten Mal Ausrichter des bundesweiten \u201eTags der Regionen\u201c. Die Veranstaltung beginnt um 10 Uhr mit Festgottesdiensten in der St. Michaelskirche und der evangelischen Kirche, daran schlie\u00dft sich um 11.30 Uhr die offizielle Er\u00f6ffnung im Gemeindezentrum an. Im Anschluss herrscht bis zum Abend &hellip;<\/p>\n<\/div>","protected":false},"author":1,"featured_media":0,"comment_status":"closed","ping_status":"closed","sticky":false,"template":"","format":"standard","meta":{"footnotes":""},"categories":[1,29],"tags":[],"class_list":["post-102273","post","type-post","status-publish","format-standard","hentry","category-startseite","category-politik"],"_links":{"self":[{"href":"https:\/\/www.fuldaernachrichten.de\/index.php?rest_route=\/wp\/v2\/posts\/102273","targetHints":{"allow":["GET"]}}],"collection":[{"href":"https:\/\/www.fuldaernachrichten.de\/index.php?rest_route=\/wp\/v2\/posts"}],"about":[{"href":"https:\/\/www.fuldaernachrichten.de\/index.php?rest_route=\/wp\/v2\/types\/post"}],"author":[{"embeddable":true,"href":"https:\/\/www.fuldaernachrichten.de\/index.php?rest_route=\/wp\/v2\/users\/1"}],"replies":[{"embeddable":true,"href":"https:\/\/www.fuldaernachrichten.de\/index.php?rest_route=%2Fwp%2Fv2%2Fcomments&post=102273"}],"version-history":[{"count":0,"href":"https:\/\/www.fuldaernachrichten.de\/index.php?rest_route=\/wp\/v2\/posts\/102273\/revisions"}],"wp:attachment":[{"href":"https:\/\/www.fuldaernachrichten.de\/index.php?rest_route=%2Fwp%2Fv2%2Fmedia&parent=102273"}],"wp:term":[{"taxonomy":"category","embeddable":true,"href":"https:\/\/www.fuldaernachrichten.de\/index.php?rest_route=%2Fwp%2Fv2%2Fcategories&post=102273"},{"taxonomy":"post_tag","embeddable":true,"href":"https:\/\/www.fuldaernachrichten.de\/index.php?rest_route=%2Fwp%2Fv2%2Ftags&post=102273"}],"curies":[{"name":"wp","href":"https:\/\/api.w.org\/{rel}","templated":true}]}}