{"id":102272,"date":"2012-09-26T00:13:31","date_gmt":"2012-09-26T00:13:31","guid":{"rendered":"http:\/\/www.fuldaer-nachrichten.de\/?p=102272"},"modified":"2012-09-26T07:27:40","modified_gmt":"2012-09-26T07:27:40","slug":"neue-vater-braucht-das-land-vortrag-und-diskussion-in-lauterbach","status":"publish","type":"post","link":"https:\/\/www.fuldaernachrichten.de\/?p=102272","title":{"rendered":"Neue V\u00e4ter braucht das Land &#8211; Vortrag und Diskussion in Lauterbach"},"content":{"rendered":"<p>Lauterbach. Im Rahmen der Vogelsberger Themenwochen \u201eNeue V\u00e4ter\u201c kommt der bekannte Familienforscher Dr. Harald Seehausen am kommenden Montag, 1. Oktober, nach Lauterbach. Ab 18.30 Uhr wird er in der Aula der Sparkasse Oberhessen einen Vortrag halten: \u201eElternzeit: Zeit f\u00fcr V\u00e4ter\u201c.<!--more--><\/p>\n<p>Die Handlungsfelder \u201eErziehungsverantwortung st\u00e4rken\u201c und \u201eVereinbarkeit von Familie und Beruf\u201c im Vogelsberger B\u00fcndnis f\u00fcr Familie besch\u00e4ftigen sich schon seit L\u00e4ngerem mit der \u00dcberlegung, wie Familien gef\u00f6rdert und famili\u00e4re Beziehungen verbessert werden k\u00f6nnen. Es soll ein Umdenken in der Gesellschaft angesto\u00dfen werden: V\u00e4ter wollen (und sollen) sich ebenso f\u00fcr die Erziehung der Kinder verantwortlich f\u00fchlen und einsetzen wie M\u00fctter.<\/p>\n<p>Zu dem spannenden Abend laden ein: die Koordinatorin des Familienb\u00fcndnisses, Sandra Obenhack, Magdalena Pitzer (Gleichstellungsbeauftragte des evangelischen Dekanats), Ingeborg Gutberlet (Sprecherin des Handlungsfeldes Erziehungsverantworuntung) und Andrea Ortstadt (Sprecherin des Handlungsfelds Vereinbarkeit Familie und Beruf).<\/p>\n<p>Im Anschluss ist eine Podiumsdiskussion geplant. Unter der Moderation von Kreispressesprecher Erich Ruhl werden diskutieren: Dr. Harald Seehausen, Benjamin Berroth, Hartmut Binias, Daniel Schmidt und Dietmar Schnell. Dabei sollen folgende Fragen besprochen werden: Wie verstehe ich meine Rolle als Vater? Wie kann ich als Normalverdiener Familie und Beruf unter einen Hut bringen? Wie steht es um die gesellschaftliche Anerkennung meiner Erziehungs- und Familienzeit? Die Bev\u00f6lkerung ist herzlich eingeladen. \u00dcbrigens: Das ist auch eine Veranstaltung f\u00fcr Frauen.<\/p>\n","protected":false},"excerpt":{"rendered":"<div class=\"tmnf_excerpt\"><p>Lauterbach. Im Rahmen der Vogelsberger Themenwochen \u201eNeue V\u00e4ter\u201c kommt der bekannte Familienforscher Dr. Harald Seehausen am kommenden Montag, 1. Oktober, nach Lauterbach. Ab 18.30 Uhr wird er in der Aula der Sparkasse Oberhessen einen Vortrag halten: \u201eElternzeit: Zeit f\u00fcr V\u00e4ter\u201c.<\/p>\n<\/div>","protected":false},"author":1,"featured_media":0,"comment_status":"closed","ping_status":"closed","sticky":false,"template":"","format":"standard","meta":{"footnotes":""},"categories":[1,29],"tags":[],"class_list":["post-102272","post","type-post","status-publish","format-standard","hentry","category-startseite","category-politik"],"_links":{"self":[{"href":"https:\/\/www.fuldaernachrichten.de\/index.php?rest_route=\/wp\/v2\/posts\/102272","targetHints":{"allow":["GET"]}}],"collection":[{"href":"https:\/\/www.fuldaernachrichten.de\/index.php?rest_route=\/wp\/v2\/posts"}],"about":[{"href":"https:\/\/www.fuldaernachrichten.de\/index.php?rest_route=\/wp\/v2\/types\/post"}],"author":[{"embeddable":true,"href":"https:\/\/www.fuldaernachrichten.de\/index.php?rest_route=\/wp\/v2\/users\/1"}],"replies":[{"embeddable":true,"href":"https:\/\/www.fuldaernachrichten.de\/index.php?rest_route=%2Fwp%2Fv2%2Fcomments&post=102272"}],"version-history":[{"count":0,"href":"https:\/\/www.fuldaernachrichten.de\/index.php?rest_route=\/wp\/v2\/posts\/102272\/revisions"}],"wp:attachment":[{"href":"https:\/\/www.fuldaernachrichten.de\/index.php?rest_route=%2Fwp%2Fv2%2Fmedia&parent=102272"}],"wp:term":[{"taxonomy":"category","embeddable":true,"href":"https:\/\/www.fuldaernachrichten.de\/index.php?rest_route=%2Fwp%2Fv2%2Fcategories&post=102272"},{"taxonomy":"post_tag","embeddable":true,"href":"https:\/\/www.fuldaernachrichten.de\/index.php?rest_route=%2Fwp%2Fv2%2Ftags&post=102272"}],"curies":[{"name":"wp","href":"https:\/\/api.w.org\/{rel}","templated":true}]}}