{"id":102271,"date":"2012-09-26T00:11:20","date_gmt":"2012-09-26T00:11:20","guid":{"rendered":"http:\/\/www.fuldaer-nachrichten.de\/?p=102271"},"modified":"2012-09-26T07:25:58","modified_gmt":"2012-09-26T07:25:58","slug":"basar-im-awo-familientreff-am-kommenden-freitag","status":"publish","type":"post","link":"https:\/\/www.fuldaernachrichten.de\/?p=102271","title":{"rendered":"Basar im AWO-Familientreff am kommenden Freitag"},"content":{"rendered":"<p>Fulda. Der Familientreff der Arbeiterwohlfahrt Kreisverband Fulda\u00c2\u00a0 \u2013Stadt und \u2013Land e.V. veranstaltet am Freitag, 28. September 2012 von 14.00 Uhr bis 17.00 Uhr in seinen R\u00e4umlichkeiten, Weserstra\u00dfe 9 (Ecke Ronsbachstra\u00dfe), einen Basar rund um das Thema Familie. F\u00fcr das leibliche Wohl ist gesorgt \u2013 es werden selbstgebackene Kuchen, Kaffee und frisch gepresster Orangensaft angeboten.<\/p>\n","protected":false},"excerpt":{"rendered":"<div class=\"tmnf_excerpt\"><p>Fulda. Der Familientreff der Arbeiterwohlfahrt Kreisverband Fulda\u00c2\u00a0 \u2013Stadt und \u2013Land e.V. veranstaltet am Freitag, 28. September 2012 von 14.00 Uhr bis 17.00 Uhr in seinen R\u00e4umlichkeiten, Weserstra\u00dfe 9 (Ecke Ronsbachstra\u00dfe), einen Basar rund um das Thema Familie. F\u00fcr das leibliche Wohl ist gesorgt \u2013 es werden selbstgebackene Kuchen, Kaffee und frisch gepresster Orangensaft angeboten.<\/p>\n<\/div>","protected":false},"author":1,"featured_media":0,"comment_status":"closed","ping_status":"closed","sticky":false,"template":"","format":"standard","meta":{"footnotes":""},"categories":[1],"tags":[],"class_list":["post-102271","post","type-post","status-publish","format-standard","hentry","category-startseite"],"_links":{"self":[{"href":"https:\/\/www.fuldaernachrichten.de\/index.php?rest_route=\/wp\/v2\/posts\/102271","targetHints":{"allow":["GET"]}}],"collection":[{"href":"https:\/\/www.fuldaernachrichten.de\/index.php?rest_route=\/wp\/v2\/posts"}],"about":[{"href":"https:\/\/www.fuldaernachrichten.de\/index.php?rest_route=\/wp\/v2\/types\/post"}],"author":[{"embeddable":true,"href":"https:\/\/www.fuldaernachrichten.de\/index.php?rest_route=\/wp\/v2\/users\/1"}],"replies":[{"embeddable":true,"href":"https:\/\/www.fuldaernachrichten.de\/index.php?rest_route=%2Fwp%2Fv2%2Fcomments&post=102271"}],"version-history":[{"count":0,"href":"https:\/\/www.fuldaernachrichten.de\/index.php?rest_route=\/wp\/v2\/posts\/102271\/revisions"}],"wp:attachment":[{"href":"https:\/\/www.fuldaernachrichten.de\/index.php?rest_route=%2Fwp%2Fv2%2Fmedia&parent=102271"}],"wp:term":[{"taxonomy":"category","embeddable":true,"href":"https:\/\/www.fuldaernachrichten.de\/index.php?rest_route=%2Fwp%2Fv2%2Fcategories&post=102271"},{"taxonomy":"post_tag","embeddable":true,"href":"https:\/\/www.fuldaernachrichten.de\/index.php?rest_route=%2Fwp%2Fv2%2Ftags&post=102271"}],"curies":[{"name":"wp","href":"https:\/\/api.w.org\/{rel}","templated":true}]}}