{"id":102267,"date":"2012-09-26T00:11:34","date_gmt":"2012-09-26T00:11:34","guid":{"rendered":"http:\/\/www.fuldaer-nachrichten.de\/?p=102267"},"modified":"2012-09-26T07:20:52","modified_gmt":"2012-09-26T07:20:52","slug":"kardinal-marx-feiert-pontifikalamt-am-donnerstagmorgen","status":"publish","type":"post","link":"https:\/\/www.fuldaernachrichten.de\/?p=102267","title":{"rendered":"Kardinal Marx feiert Pontifikalamt am Donnerstagmorgen"},"content":{"rendered":"<p>Fulda (bpf). Beim morgendlichen Gottesdienst im Rahmen der Herbstvollversammlung der deutschen Bisch\u00f6fe am Donnerstag, 27. September, um 7.30 Uhr, bei dem in besonderer Weise der verstorbenen Bisch\u00f6fe gedacht wird, ist Kardinal Reinhard Marx (M\u00fcnchen und Freising) Hauptzelebrant und Prediger. Der Mainzer Kardinal Karl Lehmann, der urspr\u00fcnglich dem Pontifikalamt vorstehen sollte, kann infolge einer Erkrankung nicht an der Herbstvollversammlung teilnehmen.<\/p>\n","protected":false},"excerpt":{"rendered":"<div class=\"tmnf_excerpt\"><p>Fulda (bpf). Beim morgendlichen Gottesdienst im Rahmen der Herbstvollversammlung der deutschen Bisch\u00f6fe am Donnerstag, 27. September, um 7.30 Uhr, bei dem in besonderer Weise der verstorbenen Bisch\u00f6fe gedacht wird, ist Kardinal Reinhard Marx (M\u00fcnchen und Freising) Hauptzelebrant und Prediger. Der Mainzer Kardinal Karl Lehmann, der urspr\u00fcnglich dem Pontifikalamt vorstehen sollte, kann infolge einer Erkrankung nicht &hellip;<\/p>\n<\/div>","protected":false},"author":1,"featured_media":0,"comment_status":"closed","ping_status":"closed","sticky":false,"template":"","format":"standard","meta":{"footnotes":""},"categories":[1,50],"tags":[],"class_list":["post-102267","post","type-post","status-publish","format-standard","hentry","category-startseite","category-kirche"],"_links":{"self":[{"href":"https:\/\/www.fuldaernachrichten.de\/index.php?rest_route=\/wp\/v2\/posts\/102267","targetHints":{"allow":["GET"]}}],"collection":[{"href":"https:\/\/www.fuldaernachrichten.de\/index.php?rest_route=\/wp\/v2\/posts"}],"about":[{"href":"https:\/\/www.fuldaernachrichten.de\/index.php?rest_route=\/wp\/v2\/types\/post"}],"author":[{"embeddable":true,"href":"https:\/\/www.fuldaernachrichten.de\/index.php?rest_route=\/wp\/v2\/users\/1"}],"replies":[{"embeddable":true,"href":"https:\/\/www.fuldaernachrichten.de\/index.php?rest_route=%2Fwp%2Fv2%2Fcomments&post=102267"}],"version-history":[{"count":1,"href":"https:\/\/www.fuldaernachrichten.de\/index.php?rest_route=\/wp\/v2\/posts\/102267\/revisions"}],"predecessor-version":[{"id":102268,"href":"https:\/\/www.fuldaernachrichten.de\/index.php?rest_route=\/wp\/v2\/posts\/102267\/revisions\/102268"}],"wp:attachment":[{"href":"https:\/\/www.fuldaernachrichten.de\/index.php?rest_route=%2Fwp%2Fv2%2Fmedia&parent=102267"}],"wp:term":[{"taxonomy":"category","embeddable":true,"href":"https:\/\/www.fuldaernachrichten.de\/index.php?rest_route=%2Fwp%2Fv2%2Fcategories&post=102267"},{"taxonomy":"post_tag","embeddable":true,"href":"https:\/\/www.fuldaernachrichten.de\/index.php?rest_route=%2Fwp%2Fv2%2Ftags&post=102267"}],"curies":[{"name":"wp","href":"https:\/\/api.w.org\/{rel}","templated":true}]}}