{"id":102266,"date":"2012-09-26T00:12:32","date_gmt":"2012-09-26T00:12:32","guid":{"rendered":"http:\/\/www.fuldaer-nachrichten.de\/?p=102266"},"modified":"2012-09-26T07:20:19","modified_gmt":"2012-09-26T07:20:19","slug":"caritas-schulungsangebot-in-flieden-kurs-zur-hauslichen-krankenpflege","status":"publish","type":"post","link":"https:\/\/www.fuldaernachrichten.de\/?p=102266","title":{"rendered":"Caritas-Schulungsangebot in Flieden:  Kurs zur h\u00e4uslichen Krankenpflege"},"content":{"rendered":"<p><strong>Flieden (cif).<\/strong> H\u00e4usliche Betreuung eines kranken und alten Menschen ist f\u00fcr den Betroffenen selbst sehr w\u00fcnschenswert, doch f\u00fcr die Angeh\u00f6rigen, welche die Pflegearbeit leisten, kann die Situation anstrengend und wom\u00f6glich \u00e4u\u00dferst belastend werden. Viele Menschen sind dennoch gerne dazu bereit, sich um das Wohl ihrer pflegebed\u00fcrftigen Angeh\u00f6rigen selbst zu k\u00fcmmern. \u00c2\u00a0<!--more--><\/p>\n<p>Besonders wichtig sind dann ein fundierter fachlicher R\u00fcckhalt und optimale Vorbereitung auf die Pflegearbeit. Als Beitrag dazu bietet der Caritasverband f\u00fcr die Regionen Fulda und Geisa in Zusammenarbeit mit der Barmer GEK demn\u00e4chst erneut einen Kurs f\u00fcr h\u00e4usliche Krankenpflege an. Die kostenlose Schulung\u00c2\u00a0 beginnt am 8. Oktober und findet diesmal in Flieden statt. Das Angebot richtet sich gleicherma\u00dfen an bereits pflegende Angeh\u00f6rige und an Personen, die bisher noch nicht aktiv pflegen, sich aber bereits konkret auf diese T\u00e4tigkeit vorbereiten oder Interesse an einer solchen Pfleget\u00e4tigkeit in n\u00e4herer Zukunft haben.<\/p>\n<p>Veranstaltungsort ist das kath. Pfarrzentrum in Flieden, erstes Treffen ist <strong>am Montag, dem 8. Oktober 2012<\/strong>. Die Veranstaltung findet sodann an insgesamt acht Abenden jeweils montags und donnerstags von 19.30 bis 22.00 Uhr statt, letzter Kurstermin ist der 1. November 2012. Die Teilnehmer werden gleicherma\u00dfen in theoretischen und praktischen Fragen der h\u00e4uslichen Pflege geschult. Die Kosten der Ausbildung werden von den Pflegeversicherungen getragen. Alle Teilnehmer erhalten nach Abschluss des Seminars ein Zertifikat.<\/p>\n<div>\n<p>Auf Grund der begrenzten Zahl der zur Verf\u00fcgung Pl\u00e4tze ist eine Anmeldung dringend erforderlich. Informationen zum Pflegekurs erhalten Interessierte beim Caritasverband f\u00fcr die Regionen Fulda und Geisa e.V., Tel. 0661 \/ 77855 (Angelika Rogowski). Dort werden auch die Anmeldungen entgegengenommen.<\/p>\n<\/div>\n","protected":false},"excerpt":{"rendered":"<div class=\"tmnf_excerpt\"><p>Flieden (cif). H\u00e4usliche Betreuung eines kranken und alten Menschen ist f\u00fcr den Betroffenen selbst sehr w\u00fcnschenswert, doch f\u00fcr die Angeh\u00f6rigen, welche die Pflegearbeit leisten, kann die Situation anstrengend und wom\u00f6glich \u00e4u\u00dferst belastend werden. Viele Menschen sind dennoch gerne dazu bereit, sich um das Wohl ihrer pflegebed\u00fcrftigen Angeh\u00f6rigen selbst zu k\u00fcmmern. \u00c2\u00a0<\/p>\n<\/div>","protected":false},"author":1,"featured_media":0,"comment_status":"closed","ping_status":"closed","sticky":false,"template":"","format":"standard","meta":{"footnotes":""},"categories":[1,51,50],"tags":[],"class_list":["post-102266","post","type-post","status-publish","format-standard","hentry","category-startseite","category-medizin","category-kirche"],"_links":{"self":[{"href":"https:\/\/www.fuldaernachrichten.de\/index.php?rest_route=\/wp\/v2\/posts\/102266","targetHints":{"allow":["GET"]}}],"collection":[{"href":"https:\/\/www.fuldaernachrichten.de\/index.php?rest_route=\/wp\/v2\/posts"}],"about":[{"href":"https:\/\/www.fuldaernachrichten.de\/index.php?rest_route=\/wp\/v2\/types\/post"}],"author":[{"embeddable":true,"href":"https:\/\/www.fuldaernachrichten.de\/index.php?rest_route=\/wp\/v2\/users\/1"}],"replies":[{"embeddable":true,"href":"https:\/\/www.fuldaernachrichten.de\/index.php?rest_route=%2Fwp%2Fv2%2Fcomments&post=102266"}],"version-history":[{"count":0,"href":"https:\/\/www.fuldaernachrichten.de\/index.php?rest_route=\/wp\/v2\/posts\/102266\/revisions"}],"wp:attachment":[{"href":"https:\/\/www.fuldaernachrichten.de\/index.php?rest_route=%2Fwp%2Fv2%2Fmedia&parent=102266"}],"wp:term":[{"taxonomy":"category","embeddable":true,"href":"https:\/\/www.fuldaernachrichten.de\/index.php?rest_route=%2Fwp%2Fv2%2Fcategories&post=102266"},{"taxonomy":"post_tag","embeddable":true,"href":"https:\/\/www.fuldaernachrichten.de\/index.php?rest_route=%2Fwp%2Fv2%2Ftags&post=102266"}],"curies":[{"name":"wp","href":"https:\/\/api.w.org\/{rel}","templated":true}]}}