{"id":102262,"date":"2012-09-26T00:11:58","date_gmt":"2012-09-26T00:11:58","guid":{"rendered":"http:\/\/www.fuldaer-nachrichten.de\/?p=102262"},"modified":"2012-09-26T07:15:36","modified_gmt":"2012-09-26T07:15:36","slug":"letzte-keltenwanderung-fur-das-jahr-2012","status":"publish","type":"post","link":"https:\/\/www.fuldaernachrichten.de\/?p=102262","title":{"rendered":"Letzte Keltenwanderung f\u00fcr das Jahr 2012"},"content":{"rendered":"<p>Hofbieber. Die letzte Keltenwanderung f\u00fcr das Jahr 2012 findet am 29.09. um 19 Uhr mit dem ersten Herbsthalbmond von Danzwiesen hinauf zur Rekonstruktion des Keltenwalls statt. Erfahren Sie wissenswertes \u00fcber den Aufstieg und den Niedergang der Kelten und die eisenzeitliche Lebensweise in der Rh\u00f6n. Festes Schuhwerk ist erforderlich.\u00c2\u00a0 Kosten: 4 \u00e2\u201a\u00ac \/ 2 \u00e2\u201a\u00ac. Treffpunkt: Bushaltestelle Danzwiesen.\u00c2\u00a0 Weitere Informationen: Tourist-Information Hofbieber 06657 987-412 oder direkt unter 0160 653 7171.<\/p>\n","protected":false},"excerpt":{"rendered":"<div class=\"tmnf_excerpt\"><p>Hofbieber. Die letzte Keltenwanderung f\u00fcr das Jahr 2012 findet am 29.09. um 19 Uhr mit dem ersten Herbsthalbmond von Danzwiesen hinauf zur Rekonstruktion des Keltenwalls statt. Erfahren Sie wissenswertes \u00fcber den Aufstieg und den Niedergang der Kelten und die eisenzeitliche Lebensweise in der Rh\u00f6n. Festes Schuhwerk ist erforderlich.\u00c2\u00a0 Kosten: 4 \u00e2\u201a\u00ac \/ 2 \u00e2\u201a\u00ac. Treffpunkt: &hellip;<\/p>\n<\/div>","protected":false},"author":1,"featured_media":0,"comment_status":"closed","ping_status":"closed","sticky":false,"template":"","format":"standard","meta":{"footnotes":""},"categories":[1],"tags":[],"class_list":["post-102262","post","type-post","status-publish","format-standard","hentry","category-startseite"],"_links":{"self":[{"href":"https:\/\/www.fuldaernachrichten.de\/index.php?rest_route=\/wp\/v2\/posts\/102262","targetHints":{"allow":["GET"]}}],"collection":[{"href":"https:\/\/www.fuldaernachrichten.de\/index.php?rest_route=\/wp\/v2\/posts"}],"about":[{"href":"https:\/\/www.fuldaernachrichten.de\/index.php?rest_route=\/wp\/v2\/types\/post"}],"author":[{"embeddable":true,"href":"https:\/\/www.fuldaernachrichten.de\/index.php?rest_route=\/wp\/v2\/users\/1"}],"replies":[{"embeddable":true,"href":"https:\/\/www.fuldaernachrichten.de\/index.php?rest_route=%2Fwp%2Fv2%2Fcomments&post=102262"}],"version-history":[{"count":0,"href":"https:\/\/www.fuldaernachrichten.de\/index.php?rest_route=\/wp\/v2\/posts\/102262\/revisions"}],"wp:attachment":[{"href":"https:\/\/www.fuldaernachrichten.de\/index.php?rest_route=%2Fwp%2Fv2%2Fmedia&parent=102262"}],"wp:term":[{"taxonomy":"category","embeddable":true,"href":"https:\/\/www.fuldaernachrichten.de\/index.php?rest_route=%2Fwp%2Fv2%2Fcategories&post=102262"},{"taxonomy":"post_tag","embeddable":true,"href":"https:\/\/www.fuldaernachrichten.de\/index.php?rest_route=%2Fwp%2Fv2%2Ftags&post=102262"}],"curies":[{"name":"wp","href":"https:\/\/api.w.org\/{rel}","templated":true}]}}