{"id":102260,"date":"2012-09-26T00:13:57","date_gmt":"2012-09-26T00:13:57","guid":{"rendered":"http:\/\/www.fuldaer-nachrichten.de\/?p=102260"},"modified":"2012-09-26T07:14:47","modified_gmt":"2012-09-26T07:14:47","slug":"orgel-trifft-orchester-collegium-musicum-fulda-zu-gast-bei-fuldaer-orgelbuhne","status":"publish","type":"post","link":"https:\/\/www.fuldaernachrichten.de\/?p=102260","title":{"rendered":"Orgel trifft Orchester &#8211; Collegium musicum Fulda zu Gast bei Fuldaer Orgelb\u00fchne"},"content":{"rendered":"<p><img decoding=\"async\" class=\"alignleft size-thumbnail wp-image-102261\" title=\"collegium musicum fulda\" src=\"http:\/\/www.fuldaer-nachrichten.de\/wp-content\/uploads\/2012\/09\/collegium-musicum-fulda-265x176.jpg\" alt=\"\" width=\"265\" height=\"176\" srcset=\"https:\/\/www.fuldaernachrichten.de\/wp-content\/uploads\/2012\/09\/collegium-musicum-fulda-265x176.jpg 265w, https:\/\/www.fuldaernachrichten.de\/wp-content\/uploads\/2012\/09\/collegium-musicum-fulda.jpg 600w\" sizes=\"(max-width: 265px) 100vw, 265px\" \/>Fulda. Zu einem besonderen OrgelPlus Konzert l\u00e4dt der Verein Fuldaer Orgelb\u00fchne e.V. Anfang Oktober ein: Am Freitag, 5. Oktober 2012, werden ab 19.00 Uhr in der Aula der Winfriedschule Fulda faszinierende Kombinationen von Orgel und Orchester zu h\u00f6ren sein. Unter der Leitung von Jens-Uwe Schunk fordert das Collegium musicum Fulda die historische Schulorgel der Winfriedschule, gespielt von Verena Seuring und Peter Ziegler, zum gemeinsamen Konzert auf. <!--more--><\/p>\n<p>H\u00f6hepunkte des etwa eineinhalbst\u00fcndigen Abends bilden Werke von H\u00e4ndel (Konzert f\u00fcr Orgel und Orchester Nr. 6 in B-Dur) und Rheinberger (Konzert f\u00fcr Orgel und Orchester op. 137, 1. Satz). Daneben wird sowohl die Orgel als auch das Orchester (etwa mit Haydns Sinfonie Nr. 4 in D-Dur) solistisch zu h\u00f6ren sein.\u00c2\u00a0 Einen besonderen musikalischen Leckerbissen stellt zudem Albinonis Oboenkonzert op. 9, Nr. 2 in d-Moll dar, bei dem einmal mehr die bekannte Oboistin Silke Augustinski bei der Fuldaer Orgelb\u00fchne zu h\u00f6ren sein wird. Der Eintritt ist frei, Spenden f\u00fcr die Erhaltung der Orgel sowie zur F\u00f6rderung der Musik-Kultur an der Winfriedschule Fulda sind herzlich willkommen.<\/p>\n","protected":false},"excerpt":{"rendered":"<div class=\"tmnf_excerpt\"><p>Fulda. Zu einem besonderen OrgelPlus Konzert l\u00e4dt der Verein Fuldaer Orgelb\u00fchne e.V. Anfang Oktober ein: Am Freitag, 5. Oktober 2012, werden ab 19.00 Uhr in der Aula der Winfriedschule Fulda faszinierende Kombinationen von Orgel und Orchester zu h\u00f6ren sein. Unter der Leitung von Jens-Uwe Schunk fordert das Collegium musicum Fulda die historische Schulorgel der Winfriedschule, &hellip;<\/p>\n<\/div>","protected":false},"author":1,"featured_media":0,"comment_status":"closed","ping_status":"closed","sticky":false,"template":"","format":"standard","meta":{"footnotes":""},"categories":[1,44],"tags":[],"class_list":["post-102260","post","type-post","status-publish","format-standard","hentry","category-startseite","category-kultur"],"_links":{"self":[{"href":"https:\/\/www.fuldaernachrichten.de\/index.php?rest_route=\/wp\/v2\/posts\/102260","targetHints":{"allow":["GET"]}}],"collection":[{"href":"https:\/\/www.fuldaernachrichten.de\/index.php?rest_route=\/wp\/v2\/posts"}],"about":[{"href":"https:\/\/www.fuldaernachrichten.de\/index.php?rest_route=\/wp\/v2\/types\/post"}],"author":[{"embeddable":true,"href":"https:\/\/www.fuldaernachrichten.de\/index.php?rest_route=\/wp\/v2\/users\/1"}],"replies":[{"embeddable":true,"href":"https:\/\/www.fuldaernachrichten.de\/index.php?rest_route=%2Fwp%2Fv2%2Fcomments&post=102260"}],"version-history":[{"count":0,"href":"https:\/\/www.fuldaernachrichten.de\/index.php?rest_route=\/wp\/v2\/posts\/102260\/revisions"}],"wp:attachment":[{"href":"https:\/\/www.fuldaernachrichten.de\/index.php?rest_route=%2Fwp%2Fv2%2Fmedia&parent=102260"}],"wp:term":[{"taxonomy":"category","embeddable":true,"href":"https:\/\/www.fuldaernachrichten.de\/index.php?rest_route=%2Fwp%2Fv2%2Fcategories&post=102260"},{"taxonomy":"post_tag","embeddable":true,"href":"https:\/\/www.fuldaernachrichten.de\/index.php?rest_route=%2Fwp%2Fv2%2Ftags&post=102260"}],"curies":[{"name":"wp","href":"https:\/\/api.w.org\/{rel}","templated":true}]}}