{"id":102258,"date":"2012-09-26T00:11:17","date_gmt":"2012-09-26T00:11:17","guid":{"rendered":"http:\/\/www.fuldaer-nachrichten.de\/?p=102258"},"modified":"2012-09-26T07:13:22","modified_gmt":"2012-09-26T07:13:22","slug":"theaterstuck-es-geschah-in-der-johannisnacht-am-7-10-im-kulturkeller","status":"publish","type":"post","link":"https:\/\/www.fuldaernachrichten.de\/?p=102258","title":{"rendered":"Theaterst\u00fcck \u201eEs geschah in der Johannisnacht&#8230;&#8221; am 7.10. im Kulturkeller"},"content":{"rendered":"<p><img fetchpriority=\"high\" decoding=\"async\" class=\"alignleft size-thumbnail wp-image-102259\" title=\"Foto von Dr. Matthias Meixner\" src=\"http:\/\/www.fuldaer-nachrichten.de\/wp-content\/uploads\/2012\/09\/Foto-von-Dr.-Matthias-Meixner-265x427.jpg\" alt=\"\" width=\"265\" height=\"427\" srcset=\"https:\/\/www.fuldaernachrichten.de\/wp-content\/uploads\/2012\/09\/Foto-von-Dr.-Matthias-Meixner-265x427.jpg 265w, https:\/\/www.fuldaernachrichten.de\/wp-content\/uploads\/2012\/09\/Foto-von-Dr.-Matthias-Meixner-164x265.jpg 164w, https:\/\/www.fuldaernachrichten.de\/wp-content\/uploads\/2012\/09\/Foto-von-Dr.-Matthias-Meixner-372x600.jpg 372w, https:\/\/www.fuldaernachrichten.de\/wp-content\/uploads\/2012\/09\/Foto-von-Dr.-Matthias-Meixner.jpg 600w\" sizes=\"(max-width: 265px) 100vw, 265px\" \/>Fulda. Am Sonntag, 7. Oktober 2012 findet um 16:00 Uhr die zweite Auff\u00fchrung des Theaterst\u00fccks \u201eEs geschah in der Johannisnacht &#8230;\u201c von Inga Storck-Schnabel f\u00fcr Schulkinder und Erwachsene im Kulturkeller in Fulda statt.<\/p>\n<p><strong>Foto:<\/strong> Dr. Matthias Meixner<\/p>\n<p>Eine Besonderheit an diesem Nachmittag ist die Urauff\u00fchrung von \u201eBlumenvisionen\u201c von Clara Franz. Clara Franz, die bekannte Komponistin \u00fcber die Grenzen von Fulda hinaus, war so freundlich ihre Kompositionen f\u00fcr die notleidenden Kinder zu sponsern. Die Ausf\u00fchrenden der Kompositionen sind: Marta S\u00c4\u0192ntek (Gesang, Sch\u00fclerin von Brigitte Gro\u00df-Feldmann) und Noreen Schwuchow (Klavierbegleitung).<!--more--><\/p>\n<p>Der Eintritt ist frei, Spenden sind erw\u00fcnscht f\u00fcr das Hilfsprojekt der Marienschule (El Cabur\u00e9 in Argentinien).<\/p>\n<p>&nbsp;<\/p>\n","protected":false},"excerpt":{"rendered":"<div class=\"tmnf_excerpt\"><p>Fulda. Am Sonntag, 7. Oktober 2012 findet um 16:00 Uhr die zweite Auff\u00fchrung des Theaterst\u00fccks \u201eEs geschah in der Johannisnacht &#8230;\u201c von Inga Storck-Schnabel f\u00fcr Schulkinder und Erwachsene im Kulturkeller in Fulda statt. Foto: Dr. Matthias Meixner Eine Besonderheit an diesem Nachmittag ist die Urauff\u00fchrung von \u201eBlumenvisionen\u201c von Clara Franz. Clara Franz, die bekannte Komponistin &hellip;<\/p>\n<\/div>","protected":false},"author":1,"featured_media":0,"comment_status":"closed","ping_status":"closed","sticky":false,"template":"","format":"standard","meta":{"footnotes":""},"categories":[1,44],"tags":[],"class_list":["post-102258","post","type-post","status-publish","format-standard","hentry","category-startseite","category-kultur"],"_links":{"self":[{"href":"https:\/\/www.fuldaernachrichten.de\/index.php?rest_route=\/wp\/v2\/posts\/102258","targetHints":{"allow":["GET"]}}],"collection":[{"href":"https:\/\/www.fuldaernachrichten.de\/index.php?rest_route=\/wp\/v2\/posts"}],"about":[{"href":"https:\/\/www.fuldaernachrichten.de\/index.php?rest_route=\/wp\/v2\/types\/post"}],"author":[{"embeddable":true,"href":"https:\/\/www.fuldaernachrichten.de\/index.php?rest_route=\/wp\/v2\/users\/1"}],"replies":[{"embeddable":true,"href":"https:\/\/www.fuldaernachrichten.de\/index.php?rest_route=%2Fwp%2Fv2%2Fcomments&post=102258"}],"version-history":[{"count":0,"href":"https:\/\/www.fuldaernachrichten.de\/index.php?rest_route=\/wp\/v2\/posts\/102258\/revisions"}],"wp:attachment":[{"href":"https:\/\/www.fuldaernachrichten.de\/index.php?rest_route=%2Fwp%2Fv2%2Fmedia&parent=102258"}],"wp:term":[{"taxonomy":"category","embeddable":true,"href":"https:\/\/www.fuldaernachrichten.de\/index.php?rest_route=%2Fwp%2Fv2%2Fcategories&post=102258"},{"taxonomy":"post_tag","embeddable":true,"href":"https:\/\/www.fuldaernachrichten.de\/index.php?rest_route=%2Fwp%2Fv2%2Ftags&post=102258"}],"curies":[{"name":"wp","href":"https:\/\/api.w.org\/{rel}","templated":true}]}}