{"id":102215,"date":"2012-09-26T00:10:26","date_gmt":"2012-09-26T00:10:26","guid":{"rendered":"http:\/\/www.fuldaer-nachrichten.de\/?p=102215"},"modified":"2012-09-25T07:52:54","modified_gmt":"2012-09-25T07:52:54","slug":"tagesseminar-selbstmanagement-fur-schuchterne","status":"publish","type":"post","link":"https:\/\/www.fuldaernachrichten.de\/?p=102215","title":{"rendered":"Tagesseminar Selbstmanagement f\u00fcr Sch\u00fcchterne"},"content":{"rendered":"<p>Fulda. Sch\u00fcchternheit ist ein weit verbreitetes Ph\u00e4nomen. In einem Kurs der Volkshochschule des Landkreises Fulda geht es darum, dem eigenen Selbstzweifel behutsam aber bestimmt auf die Schliche zu kommen. Es werden M\u00f6glichkeiten aufgezeigt, wie man Unsicherheiten im Alltag angehen und deutlich reduzieren kann. Nicht durch \u201eSchocktherapie\u201c oder Spr\u00fcnge ins kalte Wasser, sondern durch ma\u00dfgeschneiderte, praktisch nutzbare Methoden und Werkzeuge f\u00fcr den sicheren Umgang mit anderen und sich selbst. Das Tagesseminar beginnt am Samstag, 6. Oktober, um 10 Uhr in Fulda, Georg-Stieler-Haus, Gallasiniring 1. Information und Anmeldung bei der vhs-Gesch\u00e4ftsstelle, Gallasiniring 30, 36043 Fulda, Telefon (0661)25199-0, oder unter <a href=\"http:\/\/www.vhs-fulda.de\/\">www.vhs-fulda.de<\/a>.<\/p>\n<p>&nbsp;<\/p>\n","protected":false},"excerpt":{"rendered":"<div class=\"tmnf_excerpt\"><p>Fulda. Sch\u00fcchternheit ist ein weit verbreitetes Ph\u00e4nomen. In einem Kurs der Volkshochschule des Landkreises Fulda geht es darum, dem eigenen Selbstzweifel behutsam aber bestimmt auf die Schliche zu kommen. Es werden M\u00f6glichkeiten aufgezeigt, wie man Unsicherheiten im Alltag angehen und deutlich reduzieren kann. Nicht durch \u201eSchocktherapie\u201c oder Spr\u00fcnge ins kalte Wasser, sondern durch ma\u00dfgeschneiderte, praktisch &hellip;<\/p>\n<\/div>","protected":false},"author":1,"featured_media":0,"comment_status":"closed","ping_status":"closed","sticky":false,"template":"","format":"standard","meta":{"footnotes":""},"categories":[1],"tags":[],"class_list":["post-102215","post","type-post","status-publish","format-standard","hentry","category-startseite"],"_links":{"self":[{"href":"https:\/\/www.fuldaernachrichten.de\/index.php?rest_route=\/wp\/v2\/posts\/102215","targetHints":{"allow":["GET"]}}],"collection":[{"href":"https:\/\/www.fuldaernachrichten.de\/index.php?rest_route=\/wp\/v2\/posts"}],"about":[{"href":"https:\/\/www.fuldaernachrichten.de\/index.php?rest_route=\/wp\/v2\/types\/post"}],"author":[{"embeddable":true,"href":"https:\/\/www.fuldaernachrichten.de\/index.php?rest_route=\/wp\/v2\/users\/1"}],"replies":[{"embeddable":true,"href":"https:\/\/www.fuldaernachrichten.de\/index.php?rest_route=%2Fwp%2Fv2%2Fcomments&post=102215"}],"version-history":[{"count":0,"href":"https:\/\/www.fuldaernachrichten.de\/index.php?rest_route=\/wp\/v2\/posts\/102215\/revisions"}],"wp:attachment":[{"href":"https:\/\/www.fuldaernachrichten.de\/index.php?rest_route=%2Fwp%2Fv2%2Fmedia&parent=102215"}],"wp:term":[{"taxonomy":"category","embeddable":true,"href":"https:\/\/www.fuldaernachrichten.de\/index.php?rest_route=%2Fwp%2Fv2%2Fcategories&post=102215"},{"taxonomy":"post_tag","embeddable":true,"href":"https:\/\/www.fuldaernachrichten.de\/index.php?rest_route=%2Fwp%2Fv2%2Ftags&post=102215"}],"curies":[{"name":"wp","href":"https:\/\/api.w.org\/{rel}","templated":true}]}}