{"id":10198,"date":"2008-07-01T00:45:29","date_gmt":"2008-06-30T22:45:29","guid":{"rendered":"http:\/\/www.schoene-nachrichten.de\/?p=10198"},"modified":"2008-06-30T18:14:27","modified_gmt":"2008-06-30T16:14:27","slug":"aerztenetz-der-region-veranstaltet-1-osthessischen-gesundheitstag","status":"publish","type":"post","link":"https:\/\/www.fuldaernachrichten.de\/?p=10198","title":{"rendered":"\u00c4rztenetz der Region veranstaltet 1. Osthessischen Gesundheitstag"},"content":{"rendered":"<p><a rel=\"lightbox[roadtrip]\" href=\"http:\/\/www.schoene-nachrichten.de\/wp-content\/uploads\/2008\/06\/gno_ar_vs.jpg\" target=\"_blank\"><img decoding=\"async\" class=\"alignleft size-thumbnail wp-image-10206\" title=\"gno_ar_vs\" src=\"http:\/\/www.schoene-nachrichten.de\/wp-content\/uploads\/2008\/06\/gno_ar_vs-128x85.jpg\" alt=\"\" hspace=\"5\" width=\"128\" height=\"85\" align=\"left\" srcset=\"https:\/\/www.fuldaernachrichten.de\/wp-content\/uploads\/2008\/06\/gno_ar_vs-128x85.jpg 128w, https:\/\/www.fuldaernachrichten.de\/wp-content\/uploads\/2008\/06\/gno_ar_vs.jpg 592w\" sizes=\"(max-width: 128px) 100vw, 128px\" \/><\/a><strong>Fulda. <\/strong>&#8220;Aktiv und Vital &#8211; mit unserer Hilfe\u201c hei\u00dft das Motto des 1. Osthessischen Gesundheitstags am 16. August in der Fuldaer Orangerie. Veranstalter ist das Gesundheitsnetz Osthessen, das \u00c4rztenetz f\u00fcr Fulda und die Region.<!--more--><\/p>\n<p>\u201eUnsere \u00c4rzte stellen t\u00e4glich fest, dass die Patienten kaum etwas \u00fcber die neuen Rahmenbedingungen im Gesundheitswesen wissen\u201c, erkl\u00e4rt Dr. J\u00f6rg Simon, selbst niedergelassener Arzt in Fulda und Vorstandsmitglied vom Gesundheitsnetz Osthessen (GNO). Dabei stehe das Gesundheitswesen vor ma\u00dfgeblichen Ver\u00e4nderungen. Patienten, Mediziner und Kostentr\u00e4ger w\u00fcrden k\u00fcnftig noch mehr gefordert \u2013 Initiative und Eigenverantwortung sei gefragt. \u201eHier besteht aus unserer Sicht dringender Handlungsbedarf\u201c, so Simon.<\/p>\n<p>Daher war der Impuls des Gesundheitsnetzes einen Tag rund um die Themen Gesundheit und Vorsorge f\u00fcr die Region erstmalig zu initiieren. \u201eDie Strukturen im Gesundheitswesen sind sehr komplex und f\u00fcr den Patienten nicht einfach greifbar\u201c, erg\u00e4nzt Gabriele Bleul, Gesch\u00e4ftsf\u00fchrerin des GNO. \u201eWir m\u00f6chten aufzeigen, was der Einzelne k\u00fcnftig erwarten kann, wo er selbst gefordert ist und wer die Partner sind, die ihn hierbei unterst\u00fctzen k\u00f6nnen.\u201c<\/p>\n<p>So erwarten den Besucher im August Unternehmen aus dem regionalen Gesundheitssektor und ein umfangreiches Vortragsangebot rund um die Themenbereiche Gesundheit, Ern\u00e4hrung, Wellness, Freizeit und Sport. Daneben werden \u00c4rzte aus Fulda und dem Landkreis vor Ort sein. Oberb\u00fcrgermeister Gerhard M\u00f6ller hat die Schirmherrschaft der Veranstaltung \u00fcbernommen. Der Eintritt ist f\u00fcr den Besucher frei.<\/p>\n<p>Der Gesundheitstag soll als Plattform f\u00fcr Neuerungen, Trends und Ma\u00dfnahmen im Gesundheitswesen f\u00fcr die regionale Bev\u00f6lkerung regelm\u00e4\u00dfig angeboten werden. \u201eWir m\u00f6chten, dass die Verbesserung und Erhaltung der eigenen Gesundheit mehr und mehr ins Bewusstsein des Einzelnen r\u00fcckt\u201c, sagt Dr. J\u00f6rg Simon.<br \/>\n\u201eDer Startschuss f\u00e4llt f\u00fcr uns am 16. August. Danach soll der  osthessische Gesundheitstag zum festen Bestandteil des hiesigen Veranstaltungskalenders werden.\u201c<\/p>\n<p>Weitere Informationen zu Veranstaltung und Rahmenprogramm unter www.gesundheitsnetz-osthessen.de.<\/p>\n","protected":false},"excerpt":{"rendered":"<div class=\"tmnf_excerpt\"><p>Fulda. &#8220;Aktiv und Vital &#8211; mit unserer Hilfe\u201c hei\u00dft das Motto des 1. Osthessischen Gesundheitstags am 16. August in der Fuldaer Orangerie. Veranstalter ist das Gesundheitsnetz Osthessen, das \u00c4rztenetz f\u00fcr Fulda und die Region.<\/p>\n<\/div>","protected":false},"author":1,"featured_media":0,"comment_status":"closed","ping_status":"closed","sticky":false,"template":"","format":"standard","meta":{"footnotes":""},"categories":[1,51],"tags":[],"class_list":["post-10198","post","type-post","status-publish","format-standard","hentry","category-startseite","category-medizin"],"_links":{"self":[{"href":"https:\/\/www.fuldaernachrichten.de\/index.php?rest_route=\/wp\/v2\/posts\/10198","targetHints":{"allow":["GET"]}}],"collection":[{"href":"https:\/\/www.fuldaernachrichten.de\/index.php?rest_route=\/wp\/v2\/posts"}],"about":[{"href":"https:\/\/www.fuldaernachrichten.de\/index.php?rest_route=\/wp\/v2\/types\/post"}],"author":[{"embeddable":true,"href":"https:\/\/www.fuldaernachrichten.de\/index.php?rest_route=\/wp\/v2\/users\/1"}],"replies":[{"embeddable":true,"href":"https:\/\/www.fuldaernachrichten.de\/index.php?rest_route=%2Fwp%2Fv2%2Fcomments&post=10198"}],"version-history":[{"count":0,"href":"https:\/\/www.fuldaernachrichten.de\/index.php?rest_route=\/wp\/v2\/posts\/10198\/revisions"}],"wp:attachment":[{"href":"https:\/\/www.fuldaernachrichten.de\/index.php?rest_route=%2Fwp%2Fv2%2Fmedia&parent=10198"}],"wp:term":[{"taxonomy":"category","embeddable":true,"href":"https:\/\/www.fuldaernachrichten.de\/index.php?rest_route=%2Fwp%2Fv2%2Fcategories&post=10198"},{"taxonomy":"post_tag","embeddable":true,"href":"https:\/\/www.fuldaernachrichten.de\/index.php?rest_route=%2Fwp%2Fv2%2Ftags&post=10198"}],"curies":[{"name":"wp","href":"https:\/\/api.w.org\/{rel}","templated":true}]}}