{"id":10196,"date":"2008-07-01T00:15:28","date_gmt":"2008-06-30T22:15:28","guid":{"rendered":"http:\/\/www.schoene-nachrichten.de\/?p=10196"},"modified":"2008-06-30T18:09:05","modified_gmt":"2008-06-30T16:09:05","slug":"dr-roman-veith-startet-beim-ironman-in-frankfurt","status":"publish","type":"post","link":"https:\/\/www.fuldaernachrichten.de\/?p=10196","title":{"rendered":"Dr. Roman Veith startet beim IRONMAN in Frankfurt"},"content":{"rendered":"<p><a rel=\"lightbox[roadtrip]\" href=\"http:\/\/www.schoene-nachrichten.de\/wp-content\/uploads\/2008\/06\/pict4318-hell.jpg\" target=\"_blank\"><img decoding=\"async\" class=\"alignleft size-thumbnail wp-image-10202\" title=\"pict4318-hell\" src=\"http:\/\/www.schoene-nachrichten.de\/wp-content\/uploads\/2008\/06\/pict4318-hell-128x85.jpg\" alt=\"\" hspace=\"5\" width=\"128\" height=\"85\" align=\"left\" \/><\/a><strong>Fulda. <\/strong>Dr. Roman Veith, Facharzt f\u00fcr Innere Medizin am Klinikum Fulda, bereitet sich derzeit intensiv f\u00fcr die IRONMAN Europameisterschaft 2008 in Frankfurt vor. Am 06. Juli wird Dr. Roman Veith mit der Startnummer 176, um 6.45 Uhr in der Alterklasse der 30-34 J\u00e4hrigen beim IRONMAN European Championchip 2008 in Frankfurt an den Start gehen. Seit November letzten Jahres bereitet er sich intensiv f\u00fcr diesen Triathlon vor und hat seine Trainingseinheiten dementsprechend kontinuierlich im Umfang gesteigert.<!--more--><\/p>\n<p>Als Stationsarzt der Medizinischen III am Klinikum Fulda muss er sein Trainingspensum neben seiner t\u00e4glichen T\u00e4tigkeit im Klinikum integrieren. Je nach Dienstplan trainiert er 2 bis 3 Stunden vor und nach der Arbeit; die l\u00e4ngeren Distanzen am Wochenende. Dabei geht er nicht nach einem festen Trainingsplan vor,  sondern folgt seinen eigenen  Trainingsgrunds\u00e4tzen und h\u00f6rt insbesondere auf sein inneres Befinden. \u201eAufgrund der unterschiedlichen  Dienstzeiten, insbesondere den Nachtdiensten, ist das Trainieren nach einem festen Trainingsplan fast unm\u00f6glich\u201c, erl\u00e4uterte Dr. Veith.<\/p>\n<p>Im M\u00e4rz dieses Jahres war er in einem Trainingslager auf Mallorca, wo er insgesamt 1.600 Kilometer mit dem Fahrrad zur\u00fccklegte. Derzeit befinde er sich in den fortgeschrittenen Trainingswochen, was im Durchschnitt rund 10 bis 15 Kilometer Schwimmen, 400 bis 500 Kilometer Radfahren und 60 Kilometer Laufen bedeute. Zudem hat er an zahlreichen Wettk\u00e4mpfen zur Vorbereitung f\u00fcr den kommenden Triathlon teilgenommen. \u201eDerzeit geht es nicht mehr um die Formverbesserung, sondern darum, die Form zu halten\u201c, so Dr. Veith.<\/p>\n<p>Das Klinikum Fulda unterst\u00fctzt Dr. Veith und stellt ihm f\u00fcr diesen Event in Frankfurt u.a. einen Dienstwagen zur Verf\u00fcgung. \u201eWir sind stolz, dass wir so  herausragende Sportler wie Dr. Veith in unseren Reihen haben und w\u00fcnschen ihm viel Erfolg\u201c, so Prof. Dr. Reiner D\u00f6lp, Vorstand der Klinikum Fulda gAG.<\/p>\n<p>Das Klinikum Fulda ist bestrebt alle Mitarbeiterinnen und Mitarbeiter im Rahmen der Gesundheitspr\u00e4vention bei sportlichen Events zu unterst\u00fctzen. Zuletzt hat ein L\u00e4uferteam beim JP Morgan Challenge-Lauf teilgenommen; beim GWV Challenge-Lauf startete das Klinikum Fulda mit der gr\u00f6\u00dften L\u00e4ufermannschaft.<\/p>\n<p>Zum Foto: v.l. Prof. Dr. med. Reiner D\u00f6lp, Dr. Roman Veith, Dr. Henning Friesicke, Dipl.-Volksw. Stefan Burkard<\/p>\n","protected":false},"excerpt":{"rendered":"<div class=\"tmnf_excerpt\"><p>Fulda. Dr. Roman Veith, Facharzt f\u00fcr Innere Medizin am Klinikum Fulda, bereitet sich derzeit intensiv f\u00fcr die IRONMAN Europameisterschaft 2008 in Frankfurt vor. Am 06. Juli wird Dr. Roman Veith mit der Startnummer 176, um 6.45 Uhr in der Alterklasse der 30-34 J\u00e4hrigen beim IRONMAN European Championchip 2008 in Frankfurt an den Start gehen. Seit &hellip;<\/p>\n<\/div>","protected":false},"author":1,"featured_media":0,"comment_status":"closed","ping_status":"closed","sticky":false,"template":"","format":"standard","meta":{"footnotes":""},"categories":[1,51],"tags":[],"class_list":["post-10196","post","type-post","status-publish","format-standard","hentry","category-startseite","category-medizin"],"_links":{"self":[{"href":"https:\/\/www.fuldaernachrichten.de\/index.php?rest_route=\/wp\/v2\/posts\/10196","targetHints":{"allow":["GET"]}}],"collection":[{"href":"https:\/\/www.fuldaernachrichten.de\/index.php?rest_route=\/wp\/v2\/posts"}],"about":[{"href":"https:\/\/www.fuldaernachrichten.de\/index.php?rest_route=\/wp\/v2\/types\/post"}],"author":[{"embeddable":true,"href":"https:\/\/www.fuldaernachrichten.de\/index.php?rest_route=\/wp\/v2\/users\/1"}],"replies":[{"embeddable":true,"href":"https:\/\/www.fuldaernachrichten.de\/index.php?rest_route=%2Fwp%2Fv2%2Fcomments&post=10196"}],"version-history":[{"count":0,"href":"https:\/\/www.fuldaernachrichten.de\/index.php?rest_route=\/wp\/v2\/posts\/10196\/revisions"}],"wp:attachment":[{"href":"https:\/\/www.fuldaernachrichten.de\/index.php?rest_route=%2Fwp%2Fv2%2Fmedia&parent=10196"}],"wp:term":[{"taxonomy":"category","embeddable":true,"href":"https:\/\/www.fuldaernachrichten.de\/index.php?rest_route=%2Fwp%2Fv2%2Fcategories&post=10196"},{"taxonomy":"post_tag","embeddable":true,"href":"https:\/\/www.fuldaernachrichten.de\/index.php?rest_route=%2Fwp%2Fv2%2Ftags&post=10196"}],"curies":[{"name":"wp","href":"https:\/\/api.w.org\/{rel}","templated":true}]}}