{"id":10195,"date":"2008-07-01T00:57:42","date_gmt":"2008-06-30T22:57:42","guid":{"rendered":"http:\/\/www.schoene-nachrichten.de\/?p=10195"},"modified":"2008-06-30T23:59:39","modified_gmt":"2008-06-30T21:59:39","slug":"reha-ausbildungsgaenge-bei-gruemel-erfolgreich-beendet","status":"publish","type":"post","link":"https:\/\/www.fuldaernachrichten.de\/?p=10195","title":{"rendered":"Reha-Ausbildungsg\u00e4nge bei Gr\u00fcmel erfolgreich beendet"},"content":{"rendered":"<p><strong>Fulda.<\/strong> \u201eDas Ausbildungsangebot von Gr\u00fcmel f\u00fcr lernbehinderte Jugendliche bew\u00e4hrt sich.\u201c Dies betonte Gr\u00fcmel-Gesch\u00e4ftsf\u00fchrer Matthias Kraft anl\u00e4sslich einer Feier in Johannesberg, bei der die erfolgreichen Absolventen verschiedener Reha-Ausbildungsg\u00e4nge ihre Abschlusszeugnisse erhielten. Diese eigens geschaffenen Lehrberufe mit Betonung auf dem praktischen Lernen stellten f\u00fcr etliche junge Leute eine gro\u00dfe Chance dar.<\/p>\n<p><a rel=\"lightbox[roadtrip]\" href=\"http:\/\/www.schoene-nachrichten.de\/wp-content\/uploads\/2008\/06\/p1030612.jpg\" target=\"_blank\"><img decoding=\"async\" class=\"alignleft size-thumbnail wp-image-10209\" title=\"p1030612\" src=\"http:\/\/www.schoene-nachrichten.de\/wp-content\/uploads\/2008\/06\/p1030612-128x85.jpg\" alt=\"\" hspace=\"5\" width=\"128\" height=\"85\" align=\"left\" \/><\/a> <a href=\"http:\/\/www.schoene-nachrichten.de\/wp-content\/uploads\/2008\/06\/p1030605.jpg\"><img decoding=\"async\" class=\"alignleft size-thumbnail wp-image-10208\" title=\"p1030605\" src=\"http:\/\/www.schoene-nachrichten.de\/wp-content\/uploads\/2008\/06\/p1030605-128x85.jpg\" alt=\"\" width=\"128\" height=\"85\" \/><\/a> <a href=\"http:\/\/www.schoene-nachrichten.de\/wp-content\/uploads\/2008\/06\/p1030567.jpg\"><img decoding=\"async\" class=\"alignleft size-thumbnail wp-image-10207\" title=\"p1030567\" src=\"http:\/\/www.schoene-nachrichten.de\/wp-content\/uploads\/2008\/06\/p1030567-128x85.jpg\" alt=\"\" width=\"128\" height=\"85\" \/><!--more--><\/a><\/p>\n<p>\u201eDie Vermittlungsquote liegt durchschnittlich bei 75 Prozent\u201c, erkl\u00e4rt der Gesch\u00e4ftsf\u00fchrer. Er unterstreicht die enge Kooperation zwischen Gr\u00fcmel, dem Reha-Berater der Agentur f\u00fcr Arbeit Fulda, Wolfgang M\u00f6ller und der hiesigen IHK: Gemeinsam habe man sieben solcher Ausbildungsg\u00e4nge f\u00fcr Lernbehinderte entwickelt. \u201eEs ist gut, dass dieses Angebot an neuen Berufen inzwischen so breit gef\u00e4chert ist, wobei der Nachfragesituation am Arbeitsmarkt immer Rechnung getragen wird\u201c, erl\u00e4utert Stefan Schunck, Hauptgesch\u00e4ftsf\u00fchrer der IHK.<\/p>\n<p>Mit dem Reha-Projekt hat Gr\u00fcmel im Herbst 1999 begonnen, als der Ausbildungsgang Helfer\/in in der Hauswirtschaft entstanden ist. 2001 kam der Beruf Holzbearbeiter\/in hinzu. Es folgte 2002 die Ausbildung zur Fachkraft f\u00fcr Verkaufsvorbereitung, die als bundesweit einmalig gilt. Seit 2005 werden Fachkr\u00e4fte f\u00fcr Textilreinigung ausgebildet, 2007 hat man die Palette um die Fachkraft f\u00fcr Metallbearbeitung sowie den Beikoch\/die Beik\u00f6chin erweitert. Mit Beginn des Ausbildungsjahres 2008 wird dann auch der Gartenbauhelfer\/die Gartenbauhelferin dazugeh\u00f6ren. Finanziert werden die Ausbildungsg\u00e4nge \u00fcber die Agentur f\u00fcr Arbeit Fulda.<\/p>\n<p>\u201eDie Vermittlung erfolgreicher Absolventinnen und Absolventen in die Arbeitswelt zeigt, dass einfache T\u00e4tigkeiten in den Betrieben durchaus gefragt sind, allerdings nicht in starkem Umfang\u201c, schildert Wolfgang M\u00f6ller. Deshalb werde die Zahl der Azubis pro Jahr und Ausbildungsgang hier auf 3 bis 5 beschr\u00e4nkt.<\/p>\n<p>Wichtig sei f\u00fcr Gr\u00fcmel nicht zuletzt im Reha-Bereich die Zusammenarbeit mit den Kooperationsbetrieben und der Berufschule. Wichtige Bausteine bei diesen Ausbildungen sind nach Angaben des Gesch\u00e4ftsf\u00fchrers die mehrmonatigen Praktika, der St\u00fctzunterricht und die sozialp\u00e4dagogische Begleitung. \u201eErfreulich ist, dass sich in den drei Lehrjahren alle Azubis weiterentwickeln, aber manche nicht weit genug\u201c, gibt Kraft zu bedenken. So schafften nicht alle das Ausbildungsziel und\/oder die Vermittlung in ein Arbeitsverh\u00e4ltnis.<\/p>\n<p>Insgesamt haben in diesem Sommer 13 junge Leute mit Lernbehinderungen ihre Abschlusspr\u00fcfung gemacht, 11 davon mit Erfolg. Bei den Fachkr\u00e4ften f\u00fcr Verkaufsvorbereitung bestanden alle f\u00fcnf, wobei zwei einen Arbeitsplatz haben. Von den vier Pr\u00fcflingen im Bereich Holzbearbeitung schafften zwei ihren Abschluss, die auch eine Stellenzusage bekommen haben.<\/p>\n<p>Bei den Helferinnen (und einem Helfer) in der Hauswirtschaft waren alle vier erfolgreich. Eine Absolventin hat eine Stelle in diesem Reha-Beruf in Aussicht, f\u00fcr eine Kollegin ergibt sich etwas Besonderes: Jessica Baier wird wegen sehr guter Leistungen bei Gr\u00fcmel eine zweij\u00e4hrige Aufstiegsausbildung zur Hauswirtschafterin anschlie\u00dfen, um dann bessere Berufschancen zu haben. Zwei Textilreiniger-Azubis werden ihre Pr\u00fcfung im Winter ablegen, bei den Metallbearbeitern und Beik\u00f6chen ist erst das erste Ausbildungsjahr vorbei.<\/p>\n<p>Im Juni 2008 befanden sich insgesamt 39 junge Leute bei Gr\u00fcmel in einer Reha-Ausbildung, im Sp\u00e4tsommer werden 25 neue Azubis in diesem Bereich hinzukommen.<\/p>\n","protected":false},"excerpt":{"rendered":"<div class=\"tmnf_excerpt\"><p>Fulda. \u201eDas Ausbildungsangebot von Gr\u00fcmel f\u00fcr lernbehinderte Jugendliche bew\u00e4hrt sich.\u201c Dies betonte Gr\u00fcmel-Gesch\u00e4ftsf\u00fchrer Matthias Kraft anl\u00e4sslich einer Feier in Johannesberg, bei der die erfolgreichen Absolventen verschiedener Reha-Ausbildungsg\u00e4nge ihre Abschlusszeugnisse erhielten. Diese eigens geschaffenen Lehrberufe mit Betonung auf dem praktischen Lernen stellten f\u00fcr etliche junge Leute eine gro\u00dfe Chance dar.<\/p>\n<\/div>","protected":false},"author":1,"featured_media":0,"comment_status":"closed","ping_status":"closed","sticky":false,"template":"","format":"standard","meta":{"footnotes":""},"categories":[1,53],"tags":[],"class_list":["post-10195","post","type-post","status-publish","format-standard","hentry","category-startseite","category-bildung"],"_links":{"self":[{"href":"https:\/\/www.fuldaernachrichten.de\/index.php?rest_route=\/wp\/v2\/posts\/10195","targetHints":{"allow":["GET"]}}],"collection":[{"href":"https:\/\/www.fuldaernachrichten.de\/index.php?rest_route=\/wp\/v2\/posts"}],"about":[{"href":"https:\/\/www.fuldaernachrichten.de\/index.php?rest_route=\/wp\/v2\/types\/post"}],"author":[{"embeddable":true,"href":"https:\/\/www.fuldaernachrichten.de\/index.php?rest_route=\/wp\/v2\/users\/1"}],"replies":[{"embeddable":true,"href":"https:\/\/www.fuldaernachrichten.de\/index.php?rest_route=%2Fwp%2Fv2%2Fcomments&post=10195"}],"version-history":[{"count":0,"href":"https:\/\/www.fuldaernachrichten.de\/index.php?rest_route=\/wp\/v2\/posts\/10195\/revisions"}],"wp:attachment":[{"href":"https:\/\/www.fuldaernachrichten.de\/index.php?rest_route=%2Fwp%2Fv2%2Fmedia&parent=10195"}],"wp:term":[{"taxonomy":"category","embeddable":true,"href":"https:\/\/www.fuldaernachrichten.de\/index.php?rest_route=%2Fwp%2Fv2%2Fcategories&post=10195"},{"taxonomy":"post_tag","embeddable":true,"href":"https:\/\/www.fuldaernachrichten.de\/index.php?rest_route=%2Fwp%2Fv2%2Ftags&post=10195"}],"curies":[{"name":"wp","href":"https:\/\/api.w.org\/{rel}","templated":true}]}}