{"id":101922,"date":"2012-09-15T00:10:56","date_gmt":"2012-09-15T00:10:56","guid":{"rendered":"http:\/\/www.fuldaer-nachrichten.de\/?p=101922"},"modified":"2012-09-15T05:51:51","modified_gmt":"2012-09-15T05:51:51","slug":"betriebsausflug-der-hochschule-fulda-2","status":"publish","type":"post","link":"https:\/\/www.fuldaernachrichten.de\/?p=101922","title":{"rendered":"Betriebsausflug der Hochschule Fulda"},"content":{"rendered":"<p>Fulda. Am Mittwoch, den 19. September, steht die Verwaltung der Hochschule Fulda wegen eines Betriebsausflugs nur eingeschr\u00e4nkt zur Verf\u00fcgung. Auch die Hochschul- und Landesbibliothek bleibt an diesem Tag an beiden Standorten &#8211; Marquardstra\u00dfe (Hochschule) und Heinrich-von-Bibra-Platz \u2013 geschlossen.<\/p>\n","protected":false},"excerpt":{"rendered":"<div class=\"tmnf_excerpt\"><p>Fulda. Am Mittwoch, den 19. September, steht die Verwaltung der Hochschule Fulda wegen eines Betriebsausflugs nur eingeschr\u00e4nkt zur Verf\u00fcgung. Auch die Hochschul- und Landesbibliothek bleibt an diesem Tag an beiden Standorten &#8211; Marquardstra\u00dfe (Hochschule) und Heinrich-von-Bibra-Platz \u2013 geschlossen.<\/p>\n<\/div>","protected":false},"author":1,"featured_media":0,"comment_status":"closed","ping_status":"closed","sticky":false,"template":"","format":"standard","meta":{"footnotes":""},"categories":[1,48],"tags":[],"class_list":["post-101922","post","type-post","status-publish","format-standard","hentry","category-startseite","category-forschung"],"_links":{"self":[{"href":"https:\/\/www.fuldaernachrichten.de\/index.php?rest_route=\/wp\/v2\/posts\/101922","targetHints":{"allow":["GET"]}}],"collection":[{"href":"https:\/\/www.fuldaernachrichten.de\/index.php?rest_route=\/wp\/v2\/posts"}],"about":[{"href":"https:\/\/www.fuldaernachrichten.de\/index.php?rest_route=\/wp\/v2\/types\/post"}],"author":[{"embeddable":true,"href":"https:\/\/www.fuldaernachrichten.de\/index.php?rest_route=\/wp\/v2\/users\/1"}],"replies":[{"embeddable":true,"href":"https:\/\/www.fuldaernachrichten.de\/index.php?rest_route=%2Fwp%2Fv2%2Fcomments&post=101922"}],"version-history":[{"count":0,"href":"https:\/\/www.fuldaernachrichten.de\/index.php?rest_route=\/wp\/v2\/posts\/101922\/revisions"}],"wp:attachment":[{"href":"https:\/\/www.fuldaernachrichten.de\/index.php?rest_route=%2Fwp%2Fv2%2Fmedia&parent=101922"}],"wp:term":[{"taxonomy":"category","embeddable":true,"href":"https:\/\/www.fuldaernachrichten.de\/index.php?rest_route=%2Fwp%2Fv2%2Fcategories&post=101922"},{"taxonomy":"post_tag","embeddable":true,"href":"https:\/\/www.fuldaernachrichten.de\/index.php?rest_route=%2Fwp%2Fv2%2Ftags&post=101922"}],"curies":[{"name":"wp","href":"https:\/\/api.w.org\/{rel}","templated":true}]}}