{"id":10192,"date":"2008-07-01T00:45:01","date_gmt":"2008-06-30T22:45:01","guid":{"rendered":"http:\/\/www.schoene-nachrichten.de\/?p=10192"},"modified":"2008-06-30T18:13:04","modified_gmt":"2008-06-30T16:13:04","slug":"preisuebergabe-an-die-gewinner-des-elisabeth-raetsels","status":"publish","type":"post","link":"https:\/\/www.fuldaernachrichten.de\/?p=10192","title":{"rendered":"Preis\u00fcbergabe an die Gewinner des Elisabeth-R\u00e4tsels"},"content":{"rendered":"<p><a rel=\"lightbox[roadtrip]\" href=\"http:\/\/www.schoene-nachrichten.de\/wp-content\/uploads\/2008\/06\/pict_gewinnubergabe_helios.jpg\" target=\"_blank\"><img decoding=\"async\" class=\"alignleft size-thumbnail wp-image-10205\" title=\"pict_gewinnubergabe_helios\" src=\"http:\/\/www.schoene-nachrichten.de\/wp-content\/uploads\/2008\/06\/pict_gewinnubergabe_helios-128x85.jpg\" alt=\"\" hspace=\"5\" width=\"128\" height=\"85\" align=\"left\" \/><\/a><strong>H\u00fcnfeld.<\/strong> In der H\u00fcnfelder HELIOS St. Elisabeth Klinik konnten am 30. Juni die Preise an die Gewinner des Elisabeth-R\u00e4tsels, das anl\u00e4sslich der Ausstellung \u201eKrone, Brot und Rosen\u201c im Mai durchgef\u00fchrt wurde, \u00fcbergeben werden. Die Gewinnerin des ersten Preises Frau Weider aus Petersberg kann sich \u00fcber eine Eintrittskarte zum Elisabeth-Musical in Eisenach freuen.<!--more--><\/p>\n<p>Drei Elisabeth-Rosenpflanzen als zweiter Preis gingen an Herrn Wamser aus H\u00fcnfeld. Ein Buch und eine CD \u00fcber das Leben und Wirken der Heiligen Elisabeth und damit den dritten Preis erhielt Herr Roth aus H\u00fcnfeld-Dammersbach. Aus \u00fcber 150 Teilnehmern wurden die Gewinner per Los ermittelt.<\/p>\n<p>\u201eWir freuen uns, das die Ausstellung \u201eKrone, Brot und Rosen\u201c in der Bev\u00f6lkerung so gro\u00dfen Anklang gefunden hat, bemerkt Melanie Klingel, Gesch\u00e4ftsf\u00fchrerin der H\u00fcnfelder Klinik. \u201eAuch die gro\u00dfe Zahl der Schulklassen, die die Ausstellung besuchte, zeigt das das Wirken der Heiligen Elisabeth bis heute hochaktuell ist.\u201c  Die Wanderausstellung wurde zum 800. Geburtstag der Heiligen im vergangenen Jahr gewidmet und wurde im Mai in der H\u00fcnfelder Klinik als einzigem Ort in Osthessen gezeigt.<\/p>\n","protected":false},"excerpt":{"rendered":"<div class=\"tmnf_excerpt\"><p>H\u00fcnfeld. In der H\u00fcnfelder HELIOS St. Elisabeth Klinik konnten am 30. Juni die Preise an die Gewinner des Elisabeth-R\u00e4tsels, das anl\u00e4sslich der Ausstellung \u201eKrone, Brot und Rosen\u201c im Mai durchgef\u00fchrt wurde, \u00fcbergeben werden. Die Gewinnerin des ersten Preises Frau Weider aus Petersberg kann sich \u00fcber eine Eintrittskarte zum Elisabeth-Musical in Eisenach freuen.<\/p>\n<\/div>","protected":false},"author":1,"featured_media":0,"comment_status":"closed","ping_status":"closed","sticky":false,"template":"","format":"standard","meta":{"footnotes":""},"categories":[1,51],"tags":[],"class_list":["post-10192","post","type-post","status-publish","format-standard","hentry","category-startseite","category-medizin"],"_links":{"self":[{"href":"https:\/\/www.fuldaernachrichten.de\/index.php?rest_route=\/wp\/v2\/posts\/10192","targetHints":{"allow":["GET"]}}],"collection":[{"href":"https:\/\/www.fuldaernachrichten.de\/index.php?rest_route=\/wp\/v2\/posts"}],"about":[{"href":"https:\/\/www.fuldaernachrichten.de\/index.php?rest_route=\/wp\/v2\/types\/post"}],"author":[{"embeddable":true,"href":"https:\/\/www.fuldaernachrichten.de\/index.php?rest_route=\/wp\/v2\/users\/1"}],"replies":[{"embeddable":true,"href":"https:\/\/www.fuldaernachrichten.de\/index.php?rest_route=%2Fwp%2Fv2%2Fcomments&post=10192"}],"version-history":[{"count":0,"href":"https:\/\/www.fuldaernachrichten.de\/index.php?rest_route=\/wp\/v2\/posts\/10192\/revisions"}],"wp:attachment":[{"href":"https:\/\/www.fuldaernachrichten.de\/index.php?rest_route=%2Fwp%2Fv2%2Fmedia&parent=10192"}],"wp:term":[{"taxonomy":"category","embeddable":true,"href":"https:\/\/www.fuldaernachrichten.de\/index.php?rest_route=%2Fwp%2Fv2%2Fcategories&post=10192"},{"taxonomy":"post_tag","embeddable":true,"href":"https:\/\/www.fuldaernachrichten.de\/index.php?rest_route=%2Fwp%2Fv2%2Ftags&post=10192"}],"curies":[{"name":"wp","href":"https:\/\/api.w.org\/{rel}","templated":true}]}}